{"id":14852,"date":"2023-06-25T09:33:06","date_gmt":"2023-06-25T09:33:06","guid":{"rendered":"https:\/\/dekkbi.com\/?p=14852"},"modified":"2023-06-25T09:33:07","modified_gmt":"2023-06-25T09:33:07","slug":"rdc-un-processus-electoral-deja-conteste-en-vue-de-lecheance-de-decembre-2023","status":"publish","type":"post","link":"https:\/\/dekkbi.com\/?p=14852","title":{"rendered":"RDC : un processus \u00e9lectoral d\u00e9j\u00e0 contest\u00e9 en vue de l&rsquo;\u00e9ch\u00e9ance de d\u00e9cembre 2023"},"content":{"rendered":"\n<p>Le 20 d\u00e9cembre prochain, dans six mois, la R\u00e9publique D\u00e9mocratique du Congo devrait \u00e9lire un pr\u00e9sident, des d\u00e9put\u00e9s nationaux et provinciaux, ainsi que des conseillers municipaux. Depuis plusieurs mois, la CENI, la Commission \u00e9lectorale nationale ind\u00e9pendante, pr\u00e9pare ces \u00e9ch\u00e9ances. Mais certains dirigeants de l&rsquo;opposition, tout comme une partie de la soci\u00e9t\u00e9 civile et de l\u2019Eglise, critiquent le fichier \u00e9lectoral et l\u2019ensemble du processus en cours. Pourquoi une telle contestation ? \u00c9l\u00e9ments de r\u00e9ponse.    En d\u00e9cembre 2023, la R\u00e9publique D\u00e9mocratique du Congo va vivre un cycle \u00e9lectoral regroupant plusieurs scrutins : la pr\u00e9sidentielle, les l\u00e9gislatives nationales et provinciales, et les \u00e9lections communales. Arriv\u00e9 au pouvoir en janvier 2019, le pr\u00e9sident F\u00e9lix Antoine Tshisekedi est candidat \u00e0 sa succession. Mais dans l&rsquo;opposition comme dans la soci\u00e9t\u00e9 civile, les doutes et critiques s&rsquo;accumulent. Au cours d\u2019une conf\u00e9rence de presse qui s\u2019est tenue \u00e0 Kinshasa, ce lundi 19 juin, Martin Fayulu, arriv\u00e9 deuxi\u00e8me lors de la derni\u00e8re pr\u00e9sidentielle et aujourd\u2019hui chef de file du parti politique EciD\u00e9, Engagement pour la citoyennet\u00e9 et le d\u00e9veloppement, a indiqu\u00e9 que le processus \u00e9lectoral en cours dans le pays est mal engag\u00e9.<\/p>\n","protected":false},"excerpt":{"rendered":"<p>Le 20 d\u00e9cembre prochain, dans six mois, la R\u00e9publique D\u00e9mocratique du Congo devrait \u00e9lire un pr\u00e9sident, des d\u00e9put\u00e9s nationaux et<\/p>\n","protected":false},"author":1,"featured_media":14853,"comment_status":"open","ping_status":"open","sticky":false,"template":"","format":"standard","meta":{"footnotes":""},"categories":[51],"tags":[],"class_list":["post-14852","post","type-post","status-publish","format-standard","has-post-thumbnail","hentry","category-general"],"_links":{"self":[{"href":"https:\/\/dekkbi.com\/index.php?rest_route=\/wp\/v2\/posts\/14852","targetHints":{"allow":["GET"]}}],"collection":[{"href":"https:\/\/dekkbi.com\/index.php?rest_route=\/wp\/v2\/posts"}],"about":[{"href":"https:\/\/dekkbi.com\/index.php?rest_route=\/wp\/v2\/types\/post"}],"author":[{"embeddable":true,"href":"https:\/\/dekkbi.com\/index.php?rest_route=\/wp\/v2\/users\/1"}],"replies":[{"embeddable":true,"href":"https:\/\/dekkbi.com\/index.php?rest_route=%2Fwp%2Fv2%2Fcomments&post=14852"}],"version-history":[{"count":1,"href":"https:\/\/dekkbi.com\/index.php?rest_route=\/wp\/v2\/posts\/14852\/revisions"}],"predecessor-version":[{"id":14854,"href":"https:\/\/dekkbi.com\/index.php?rest_route=\/wp\/v2\/posts\/14852\/revisions\/14854"}],"wp:featuredmedia":[{"embeddable":true,"href":"https:\/\/dekkbi.com\/index.php?rest_route=\/wp\/v2\/media\/14853"}],"wp:attachment":[{"href":"https:\/\/dekkbi.com\/index.php?rest_route=%2Fwp%2Fv2%2Fmedia&parent=14852"}],"wp:term":[{"taxonomy":"category","embeddable":true,"href":"https:\/\/dekkbi.com\/index.php?rest_route=%2Fwp%2Fv2%2Fcategories&post=14852"},{"taxonomy":"post_tag","embeddable":true,"href":"https:\/\/dekkbi.com\/index.php?rest_route=%2Fwp%2Fv2%2Ftags&post=14852"}],"curies":[{"name":"wp","href":"https:\/\/api.w.org\/{rel}","templated":true}]}}