{"id":14838,"date":"2023-06-25T08:49:33","date_gmt":"2023-06-25T08:49:33","guid":{"rendered":"https:\/\/dekkbi.com\/?p=14838"},"modified":"2023-06-25T08:49:34","modified_gmt":"2023-06-25T08:49:34","slug":"zone-de-production-doignon-podor-aujourdhui-obligee-de-ravitailler-ailleurs","status":"publish","type":"post","link":"https:\/\/dekkbi.com\/?p=14838","title":{"rendered":"Zone de production d\u2019oignon : Podor aujourd\u2019hui oblig\u00e9e de ravitailler ailleurs"},"content":{"rendered":"\n<p>L\u2019oignon se fait rare dans le d\u00e9partement de Podor (nord), une des principales zones de production d\u2019oignon de la vall\u00e9e du fleuve S\u00e9n\u00e9gal, dont les m\u00e9nages sont amen\u00e9s \u00e0 se rabattre sur d\u2019autres localit\u00e9s pour se ravitailler dans cette denr\u00e9e.<\/p>\n\n\n\n<p>Les m\u00e9nages de Podor s\u2019approvisionnent d\u00e9sormais \u00e0 partir d\u2019autres zones de production situ\u00e9es notamment aux bords du lac de Guiers, dans la commune de Mbane (Dagana), par l\u2019interm\u00e9diaire des commer\u00e7ants, a indiqu\u00e9 Boubacar Sall dit Mbaye, vice-pr\u00e9sident de l\u2019Interprofession de l\u2019oignon (IPOS), par ailleurs pr\u00e9sident national du Coll\u00e8ge des producteurs de l\u2019oignon.Aucun sac d\u2019oignon n\u2019\u00e9tait disponible ce vendredi dans les hangars du centre de groupage de Boub\u00e9, dans la commune de Ndiay\u00e8ne Pendao, le plus important du d\u00e9partement de Podor.\u00ab Les 550 sacs de 25 kilogrammes qui \u00e9taient stock\u00e9s dans les locaux par un commer\u00e7ant de Saint-Louis ont \u00e9t\u00e9 charg\u00e9s sur un camion \u00e0 destination des principaux march\u00e9s hebdomadaires de l\u2019int\u00e9rieur de Podor et de Matam \u00bb, renseigne son repr\u00e9sentant, Mamadou Ibra Sow.\u00ab C\u2019est une situation paradoxale \u00bb, qui s\u2019explique par \u00ab les faibles superficies emblav\u00e9es cette ann\u00e9e \u00bb et les gros tonnages export\u00e9s vers la sous-r\u00e9gion (Mauritanie, Gambie et m\u00eame C\u00f4te d\u2019Ivoire), a expliqu\u00e9 Boubacar Sall.S\u2019y ajoute, selon lui, que \u00ab les producteurs avaient eu d\u2019\u00e9normes difficult\u00e9s \u00e0 vendre leur production \u00bb. Ces producteurs \u00ab avaient contract\u00e9 des dettes aupr\u00e8s d\u2019institutions de microcr\u00e9dit \u00bb et d\u00e9sormais ils \u00ab peinent \u00e0 les rembourser pour la plupart. Aussi, d\u00e8s qu\u2019ils ont eu l\u2019opportunit\u00e9 d\u2019exporter, \u00ab ils n\u2019ont pas h\u00e9sit\u00e9 \u00e0 le faire \u00bb, a-t-il justifi\u00e9.\u00ab Tout cela est l\u2019une des cons\u00e9quences du manque d\u2019infrastructures de stockage et d\u2019\u00e9quipements de conservation dans la zone \u00bb, ce qui entrave la disponibilit\u00e9 du produit en toute saison, selon Boubacar Sall.L\u2019Agence de r\u00e9gulation des march\u00e9s (ARM) assure, pour sa part, que le march\u00e9 \u00ab est correctement approvisionn\u00e9 \u00bb, d\u2019apr\u00e8s Ndiaga Diop, un de ses responsables. Il ajoute que des commer\u00e7ants de Podor et de la r\u00e9gion \u00ab continuent de livrer l\u2019oignon sans interruption \u00bb<\/p>\n\n\n\n<p>Le Grand Panel<\/p>\n","protected":false},"excerpt":{"rendered":"<p>L\u2019oignon se fait rare dans le d\u00e9partement de Podor (nord), une des principales zones de production d\u2019oignon de la vall\u00e9e<\/p>\n","protected":false},"author":1,"featured_media":14839,"comment_status":"open","ping_status":"open","sticky":false,"template":"","format":"standard","meta":{"footnotes":""},"categories":[3],"tags":[],"class_list":["post-14838","post","type-post","status-publish","format-standard","has-post-thumbnail","hentry","category-event-more-news"],"_links":{"self":[{"href":"https:\/\/dekkbi.com\/index.php?rest_route=\/wp\/v2\/posts\/14838","targetHints":{"allow":["GET"]}}],"collection":[{"href":"https:\/\/dekkbi.com\/index.php?rest_route=\/wp\/v2\/posts"}],"about":[{"href":"https:\/\/dekkbi.com\/index.php?rest_route=\/wp\/v2\/types\/post"}],"author":[{"embeddable":true,"href":"https:\/\/dekkbi.com\/index.php?rest_route=\/wp\/v2\/users\/1"}],"replies":[{"embeddable":true,"href":"https:\/\/dekkbi.com\/index.php?rest_route=%2Fwp%2Fv2%2Fcomments&post=14838"}],"version-history":[{"count":1,"href":"https:\/\/dekkbi.com\/index.php?rest_route=\/wp\/v2\/posts\/14838\/revisions"}],"predecessor-version":[{"id":14840,"href":"https:\/\/dekkbi.com\/index.php?rest_route=\/wp\/v2\/posts\/14838\/revisions\/14840"}],"wp:featuredmedia":[{"embeddable":true,"href":"https:\/\/dekkbi.com\/index.php?rest_route=\/wp\/v2\/media\/14839"}],"wp:attachment":[{"href":"https:\/\/dekkbi.com\/index.php?rest_route=%2Fwp%2Fv2%2Fmedia&parent=14838"}],"wp:term":[{"taxonomy":"category","embeddable":true,"href":"https:\/\/dekkbi.com\/index.php?rest_route=%2Fwp%2Fv2%2Fcategories&post=14838"},{"taxonomy":"post_tag","embeddable":true,"href":"https:\/\/dekkbi.com\/index.php?rest_route=%2Fwp%2Fv2%2Ftags&post=14838"}],"curies":[{"name":"wp","href":"https:\/\/api.w.org\/{rel}","templated":true}]}}