{"id":14804,"date":"2023-06-24T08:28:54","date_gmt":"2023-06-24T08:28:54","guid":{"rendered":"https:\/\/dekkbi.com\/?p=14804"},"modified":"2023-06-24T08:28:55","modified_gmt":"2023-06-24T08:28:55","slug":"tete-a-tete-en-france-macky-sall-et-emmanuel-macron-ont-evoque-les-relations-bilaterales-entre-dakar-et-paris","status":"publish","type":"post","link":"https:\/\/dekkbi.com\/?p=14804","title":{"rendered":"T\u00eate-\u00e0-t\u00eate en France: Macky Sall et Emmanuel Macron ont \u00e9voqu\u00e9 les relations bilat\u00e9rales entre Dakar et Paris"},"content":{"rendered":"\n<p>En marge du Sommet de Paris sur le nouveau pacte de financement mondial, le Chef de l\u2019Etat s\u00e9n\u00e9galais, Macky Sall, s\u2019est entretenu, en t\u00eate-\u00e0-t\u00eate, avec le Pr\u00e9sident de la R\u00e9publique fran\u00e7aise, Emmanuel Macron, ce vendredi 23 juin 2023. Selon notre de la pr\u00e9sidence de la R\u00e9publique du S\u00e9n\u00e9gal, les deux personnalit\u00e9s ont \u00e9voqu\u00e9 les relations bilat\u00e9rales entre Dakar et Paris.\u00ab Une coop\u00e9ration qui se porte bien et qui traduit la volont\u00e9 des deux chefs d\u2019Etat de renforcer leurs liens d\u2019amiti\u00e9 et de partenariat \u00e9conomique \u00bb, rel\u00e8ve la m\u00eame source.Celle-ci rapporte que les grandes questions internationales ont \u00e9galement \u00e9t\u00e9 au menu des \u00e9changes.<\/p>\n\n\n\n<p>LESOLEIL<\/p>\n","protected":false},"excerpt":{"rendered":"<p>En marge du Sommet de Paris sur le nouveau pacte de financement mondial, le Chef de l\u2019Etat s\u00e9n\u00e9galais, Macky Sall,<\/p>\n","protected":false},"author":1,"featured_media":14805,"comment_status":"open","ping_status":"open","sticky":false,"template":"","format":"standard","meta":{"footnotes":""},"categories":[6],"tags":[],"class_list":["post-14804","post","type-post","status-publish","format-standard","has-post-thumbnail","hentry","category-politics"],"_links":{"self":[{"href":"https:\/\/dekkbi.com\/index.php?rest_route=\/wp\/v2\/posts\/14804","targetHints":{"allow":["GET"]}}],"collection":[{"href":"https:\/\/dekkbi.com\/index.php?rest_route=\/wp\/v2\/posts"}],"about":[{"href":"https:\/\/dekkbi.com\/index.php?rest_route=\/wp\/v2\/types\/post"}],"author":[{"embeddable":true,"href":"https:\/\/dekkbi.com\/index.php?rest_route=\/wp\/v2\/users\/1"}],"replies":[{"embeddable":true,"href":"https:\/\/dekkbi.com\/index.php?rest_route=%2Fwp%2Fv2%2Fcomments&post=14804"}],"version-history":[{"count":1,"href":"https:\/\/dekkbi.com\/index.php?rest_route=\/wp\/v2\/posts\/14804\/revisions"}],"predecessor-version":[{"id":14806,"href":"https:\/\/dekkbi.com\/index.php?rest_route=\/wp\/v2\/posts\/14804\/revisions\/14806"}],"wp:featuredmedia":[{"embeddable":true,"href":"https:\/\/dekkbi.com\/index.php?rest_route=\/wp\/v2\/media\/14805"}],"wp:attachment":[{"href":"https:\/\/dekkbi.com\/index.php?rest_route=%2Fwp%2Fv2%2Fmedia&parent=14804"}],"wp:term":[{"taxonomy":"category","embeddable":true,"href":"https:\/\/dekkbi.com\/index.php?rest_route=%2Fwp%2Fv2%2Fcategories&post=14804"},{"taxonomy":"post_tag","embeddable":true,"href":"https:\/\/dekkbi.com\/index.php?rest_route=%2Fwp%2Fv2%2Ftags&post=14804"}],"curies":[{"name":"wp","href":"https:\/\/api.w.org\/{rel}","templated":true}]}}