{"id":14785,"date":"2023-06-23T16:23:38","date_gmt":"2023-06-23T16:23:38","guid":{"rendered":"https:\/\/dekkbi.com\/?p=14785"},"modified":"2023-06-23T16:23:40","modified_gmt":"2023-06-23T16:23:40","slug":"mme-oulimata-sarr-une-gestion-decriee-du-ministere-de-leconomie","status":"publish","type":"post","link":"https:\/\/dekkbi.com\/?p=14785","title":{"rendered":"Mme Oulimata Sarr, une gestion d\u00e9cri\u00e9e du minist\u00e8re de l\u2019Economie"},"content":{"rendered":"\n<p>L\u2019arriv\u00e9e de Mme Oulimata Sarr au minist\u00e8re de l\u2019Economie en septembre 2022, avait suscit\u00e9 beaucoup d\u2019espoirs. La dame \u00e9tait cr\u00e9dit\u00e9e d\u2019un bon p\u00e9digree dans le syst\u00e8me des Nations-Unies \u00e0 travers ONU Femmes, mais c\u2019\u00e9tait surtout une premi\u00e8re dans l\u2019histoire politique de notre pays, de voir une femme occuper le poste de ministre de l\u2019Economie.<\/p>\n\n\n\n<p>Moins d\u2019une ann\u00e9e, environ 9 mois de gestion, Mme Oulimata Sarr d\u00e9\u00e7oit fortement au niveau du minist\u00e8re de l\u2019Economie. Dans les couloirs du minist\u00e8re comme dans les bureaux, nos antennes braqu\u00e9es r\u00e9v\u00e8lent une ambiance morose et d\u00e9sabus\u00e9e. A l&rsquo;origine, les premiers actes du ministre expliquent aujourd\u2019hui la situation de sa gestion de cet important d\u00e9partement minist\u00e9riel, qui devait occuper une position centrale dans l\u2019animation de la strat\u00e9gie \u00e9conomique du Pr\u00e9sident Macky Sall, centr\u00e9e essentiellement sur le Plan S\u00e9n\u00e9gal Emergent.<\/p>\n\n\n\n<p>Des propres collaborateurs de Mme le ministre disent que cette derni\u00e8re ne se soucie que de sa propre personne et de son image. Un \u00e9tat de fait qui laisse croire que le minist\u00e8re est \u00e0 l\u2019agonie depuis l\u2019arriv\u00e9e de la dame Oulimata Sarr, qui a eu le toupet de proc\u00e9der \u00e0 un limogeage fast-track du brillant Sg Aliou Ndiaye, pi\u00e8ce ma\u00eetresse de la politique \u00e9conomique d\u00e9roul\u00e9e par l\u2019ancien ministre Amadou Hott. On parle m\u00eame d\u2019humiliation pour Aliou Ndiaye, puisque son d\u00e9part pr\u00e9cipit\u00e9 est une premi\u00e8re dans la haute administration.<\/p>\n\n\n\n<p>Souvent, c\u2019est le cabinet du ministre, notamment le directeur de cabinet, le chef de cabinet et certains conseillers techniques qui prennent leurs bagages dans le sillage du ministre partant. Mais Oulimata Sarr qui venait d\u2019une autre plan\u00e8te, en totale m\u00e9connaissance des arcanes de l\u2019administration, a remplac\u00e9 l\u2019ex SG Aliou Ndiaye par Pr. All\u00e9 Nar Diop, ancien DG de l\u2019Agence nationale de la statistique et de la d\u00e9mographie, qui \u00e9tait sur place d\u00e8s le jour de sa passation de service. Du jamais vu dans l\u2019administration du S\u00e9n\u00e9gal. Depuis lors, le minist\u00e8re est sens dessus dessous. Les nouveaux Dc et Sg, bien que brillants, ne sont l\u00e0 que pour le d\u00e9cor selon nos sources. Ces derni\u00e8res ajoutent que la ministre trop narcissique, semble encore \u00eatre \u00e0 l\u2019ONU FEMMES, en passant son temps sur Twitter et \u00e0 faire des posts sur ses pages Linkedin, Facebook, etc.<\/p>\n\n\n\n<p>Elle refuse de communiquer et ne fait pas de point de presse. Elle aurait aussi interdit \u00e0 tous les directeurs de direction, de communiquer m\u00eame dans les m\u00e9dias gouvernementaux. Elle ne voyage jamais avec ses proches collaborateurs, confie-t-on au quotidien \u00ab Le T\u00e9moin \u00bb. Mieux encore, elle est toujours accompagn\u00e9e de sa cheffe de cabinet, de son photographe, car elle tient \u00e0 avoir de belles photos \u00e0 publier sur ses comptes, \u00e0 travers les r\u00e9seaux sociaux et des fois, de son garde du corps, le tout aux frais de la R\u00e9publique. Arr\u00eatons parce nous en avons trop dit. Parce qu\u2019au minist\u00e8re de l\u2019Economie, il y a \u00e0 boire, \u00e0 manger et \u00e0 faire du shopping, dans la gestion de la dame\u2026<\/p>\n\n\n\n<p><strong>Le T\u00e9moin<\/strong><\/p>\n","protected":false},"excerpt":{"rendered":"<p>L\u2019arriv\u00e9e de Mme Oulimata Sarr au minist\u00e8re de l\u2019Economie en septembre 2022, avait suscit\u00e9 beaucoup d\u2019espoirs. La dame \u00e9tait cr\u00e9dit\u00e9e<\/p>\n","protected":false},"author":1,"featured_media":8401,"comment_status":"open","ping_status":"open","sticky":false,"template":"","format":"standard","meta":{"footnotes":""},"categories":[26],"tags":[],"class_list":["post-14785","post","type-post","status-publish","format-standard","has-post-thumbnail","hentry","category-fait-divers"],"_links":{"self":[{"href":"https:\/\/dekkbi.com\/index.php?rest_route=\/wp\/v2\/posts\/14785","targetHints":{"allow":["GET"]}}],"collection":[{"href":"https:\/\/dekkbi.com\/index.php?rest_route=\/wp\/v2\/posts"}],"about":[{"href":"https:\/\/dekkbi.com\/index.php?rest_route=\/wp\/v2\/types\/post"}],"author":[{"embeddable":true,"href":"https:\/\/dekkbi.com\/index.php?rest_route=\/wp\/v2\/users\/1"}],"replies":[{"embeddable":true,"href":"https:\/\/dekkbi.com\/index.php?rest_route=%2Fwp%2Fv2%2Fcomments&post=14785"}],"version-history":[{"count":1,"href":"https:\/\/dekkbi.com\/index.php?rest_route=\/wp\/v2\/posts\/14785\/revisions"}],"predecessor-version":[{"id":14786,"href":"https:\/\/dekkbi.com\/index.php?rest_route=\/wp\/v2\/posts\/14785\/revisions\/14786"}],"wp:featuredmedia":[{"embeddable":true,"href":"https:\/\/dekkbi.com\/index.php?rest_route=\/wp\/v2\/media\/8401"}],"wp:attachment":[{"href":"https:\/\/dekkbi.com\/index.php?rest_route=%2Fwp%2Fv2%2Fmedia&parent=14785"}],"wp:term":[{"taxonomy":"category","embeddable":true,"href":"https:\/\/dekkbi.com\/index.php?rest_route=%2Fwp%2Fv2%2Fcategories&post=14785"},{"taxonomy":"post_tag","embeddable":true,"href":"https:\/\/dekkbi.com\/index.php?rest_route=%2Fwp%2Fv2%2Ftags&post=14785"}],"curies":[{"name":"wp","href":"https:\/\/api.w.org\/{rel}","templated":true}]}}