{"id":14780,"date":"2023-06-23T15:57:27","date_gmt":"2023-06-23T15:57:27","guid":{"rendered":"https:\/\/dekkbi.com\/?p=14780"},"modified":"2023-06-23T15:57:28","modified_gmt":"2023-06-23T15:57:28","slug":"bresil-neymar-menace-dune-amende-dun-million-deuros-pour-infractions-environnementales","status":"publish","type":"post","link":"https:\/\/dekkbi.com\/?p=14780","title":{"rendered":"Br\u00e9sil: Neymar menac\u00e9 d&rsquo;une amende d&rsquo;un million d&rsquo;euros pour \u00ab\u00a0infractions environnementales\u00a0\u00bb"},"content":{"rendered":"\n<p>Des travaux de \u00ab\u00a0construction majeure\u00a0\u00bb dans le manoir de la star br\u00e9silienne du football Neymar dans l&rsquo;\u00c9tat de Rio de Janeiro a \u00e9t\u00e9 interrompu jeudi pour \u00ab\u00a0infractions environnementales\u00a0\u00bb, ce qui pourrait lui valoir une amende d&rsquo;environ un million d&rsquo;euros, ont d\u00e9clar\u00e9 les autorit\u00e9s.<\/p>\n\n\n\n<p>Les travaux \u00e9taient en cours \u00ab\u00a0sans autorisation environnementale\u00a0\u00bb sur la luxueuse propri\u00e9t\u00e9 du joueur du Paris Saint-Germain et de l&rsquo;\u00e9quipe nationale du Br\u00e9sil \u00e0 Mangaratiba, \u00e0 quelque 120 kilom\u00e8tres \u00e0 l&rsquo;ouest de Rio de Janeiro, a indiqu\u00e9 la mairie dans un communiqu\u00e9.<\/p>\n\n\n\n<p>Les autorit\u00e9s, alert\u00e9es par des plaintes publi\u00e9es sur les m\u00e9dias sociaux, ont d\u00e9couvert \u00ab\u00a0diverses infractions environnementales\u00a0\u00bb, notamment le d\u00e9tournement d&rsquo;un cours d&rsquo;eau et l&rsquo;extraction non autoris\u00e9e de l&rsquo;eau d&rsquo;une rivi\u00e8re.<\/p>\n\n\n\n<p>Elles ont \u00e9galement d\u00e9couvert des excavations et des d\u00e9placements non autoris\u00e9s de terre, de pierres et de rochers, ainsi que l&rsquo;utilisation de sable de plage sans permis.<\/p>\n\n\n\n<p>\u00ab\u00a0La prochaine \u00e9tape consistera \u00e0 \u00e9valuer les irr\u00e9gularit\u00e9s constat\u00e9es et \u00e0 infliger une amende qui, selon les estimations et compte tenu des dommages caus\u00e9s \u00e0 l&rsquo;environnement, ne sera pas inf\u00e9rieure \u00e0 cinq millions de r\u00e9ais (environ 960.000 euros)\u00a0\u00bb, a d\u00e9clar\u00e9 la mairie.<\/p>\n\n\n\n<p>Les repr\u00e9sentants de Neymar au Br\u00e9sil n&rsquo;ont pas r\u00e9pondu \u00e0 la demande de commentaire de l&rsquo;AFP.<\/p>\n\n\n\n<p>Le p\u00e8re du footballeur, Neymar da Silva Santos, \u00e9tait sur place lors de l&rsquo;inspection et on peut l&rsquo;entendre se disputer avec des fonctionnaires dans une vid\u00e9o publi\u00e9e par les autorit\u00e9s et reprise par les m\u00e9dias locaux.<\/p>\n\n\n\n<p>Neymar a achet\u00e9 la propri\u00e9t\u00e9 en 2016. Selon les m\u00e9dias locaux, elle s&rsquo;\u00e9tend sur un terrain de 10.000 m\u00e8tres carr\u00e9s et comprend un h\u00e9liport, un spa et une salle de sport.<\/p>\n\n\n\n<p>L&rsquo;attaquant de 31 ans se remet actuellement d&rsquo;une op\u00e9ration de la cheville droite qu&rsquo;il a subie en mars \u00e0 Doha, au Qatar.<\/p>\n\n\n\n<p>Il n&rsquo;a pas jou\u00e9 depuis f\u00e9vrier et des doutes sont apparus quant \u00e0 son avenir au PSG avec lequel il est li\u00e9 jusqu&rsquo;\u00e0 2027.<\/p>\n\n\n\n<p><\/p>\n\n\n\n<p>SOURCE TV5<\/p>\n","protected":false},"excerpt":{"rendered":"<p>Des travaux de \u00ab\u00a0construction majeure\u00a0\u00bb dans le manoir de la star br\u00e9silienne du football Neymar dans l&rsquo;\u00c9tat de Rio de<\/p>\n","protected":false},"author":1,"featured_media":14781,"comment_status":"open","ping_status":"open","sticky":false,"template":"","format":"standard","meta":{"footnotes":""},"categories":[9],"tags":[],"class_list":["post-14780","post","type-post","status-publish","format-standard","has-post-thumbnail","hentry","category-sports"],"_links":{"self":[{"href":"https:\/\/dekkbi.com\/index.php?rest_route=\/wp\/v2\/posts\/14780","targetHints":{"allow":["GET"]}}],"collection":[{"href":"https:\/\/dekkbi.com\/index.php?rest_route=\/wp\/v2\/posts"}],"about":[{"href":"https:\/\/dekkbi.com\/index.php?rest_route=\/wp\/v2\/types\/post"}],"author":[{"embeddable":true,"href":"https:\/\/dekkbi.com\/index.php?rest_route=\/wp\/v2\/users\/1"}],"replies":[{"embeddable":true,"href":"https:\/\/dekkbi.com\/index.php?rest_route=%2Fwp%2Fv2%2Fcomments&post=14780"}],"version-history":[{"count":1,"href":"https:\/\/dekkbi.com\/index.php?rest_route=\/wp\/v2\/posts\/14780\/revisions"}],"predecessor-version":[{"id":14782,"href":"https:\/\/dekkbi.com\/index.php?rest_route=\/wp\/v2\/posts\/14780\/revisions\/14782"}],"wp:featuredmedia":[{"embeddable":true,"href":"https:\/\/dekkbi.com\/index.php?rest_route=\/wp\/v2\/media\/14781"}],"wp:attachment":[{"href":"https:\/\/dekkbi.com\/index.php?rest_route=%2Fwp%2Fv2%2Fmedia&parent=14780"}],"wp:term":[{"taxonomy":"category","embeddable":true,"href":"https:\/\/dekkbi.com\/index.php?rest_route=%2Fwp%2Fv2%2Fcategories&post=14780"},{"taxonomy":"post_tag","embeddable":true,"href":"https:\/\/dekkbi.com\/index.php?rest_route=%2Fwp%2Fv2%2Ftags&post=14780"}],"curies":[{"name":"wp","href":"https:\/\/api.w.org\/{rel}","templated":true}]}}