{"id":14747,"date":"2023-06-23T13:15:21","date_gmt":"2023-06-23T13:15:21","guid":{"rendered":"https:\/\/dekkbi.com\/?p=14747"},"modified":"2023-06-23T13:15:22","modified_gmt":"2023-06-23T13:15:22","slug":"election-les-avocats-de-lancien-ministre-precisent-karim-wade-a-retrouve-ses-droits-depuis-le-21-aout-2020","status":"publish","type":"post","link":"https:\/\/dekkbi.com\/?p=14747","title":{"rendered":"\u00c9lection \u2013 Les avocats de l\u2019ancien ministre pr\u00e9cisent : \u00abKarim Wade a retrouv\u00e9 ses droits depuis le 21 ao\u00fbt 2020\u00bb"},"content":{"rendered":"\n<p><strong>Pour les avocats de Karim Wade, ce dernier n\u2019est pas concern\u00e9 par la modification de la loi \u00e9lectorale pour \u00eatre \u00e9ligible. Dans un communiqu\u00e9, ils informent que l\u2019ancien ministre a retrouv\u00e9 ses droits d\u2019\u00eatre \u00e9lecteur et \u00e9ligible depuis le 21 ao\u00fbt 2020, parce que l\u2019interdiction d\u2019inscription sur les listes \u00e9lectorales devait durer 5 ans, selon l\u2019article L.30 du Code \u00e9lectoral.<\/strong><\/p>\n\n\n\n<p><strong>Par D. KANE \u2013\u00a0<\/strong>\u00abKarim Wade a retrouv\u00e9 ses droits d\u2019\u00eatre \u00e9lecteur et \u00e9ligible depuis le 21 ao\u00fbt 2020.\u00bb La pr\u00e9cision est du collectif des avocats de ce dernier. Dans un communiqu\u00e9, Me Demba Cir\u00e9 Bathily, Me Michel Boyon du Barreau de Paris et Me Seydou Diagne ont jug\u00e9 n\u00e9cessaire de \u00abr\u00e9tablir la v\u00e9rit\u00e9 sur la situation actuelle\u00bb de Karim Wade, \u00abau regard de la loi \u00e9lectorale\u00bb. Les avocats font savoir que \u00abcertaines d\u00e9clarations publi\u00adques laissent entendre que Karim Wade ne pourrait \u00eatre \u00e9ligible sans une modification du Code \u00e9lectoral.\u00bb<br>D\u2019apr\u00e8s les conseils du fils du Pr\u00e9sident Wade, \u00abces d\u00e9clarations sont gravement erron\u00e9es\u00bb. Et d\u2019expliquer : \u00abKarim Wade n\u2019a pas \u00e9t\u00e9 priv\u00e9 de ses droits civils et politiques par l\u2019arr\u00eat de la Cour de r\u00e9pression de l\u2019enrichissement illicite (Crei) du 23 mars 2015, qui l\u2019a condamn\u00e9 en violation des principes fondamentaux du Droit p\u00e9nal, comme l\u2019ont constat\u00e9 de tr\u00e8s nombreuses d\u00e9cisions de justice internationale, notamment celles du Comit\u00e9 des droits de l\u2019Homme de l\u2019Organisation des Nations unies (Onu).\u00bb<br>Poursuivant leurs explications, ils renseignent que \u00absi l\u2019article L.29 du Code \u00e9lectoral pr\u00e9voit une privation automatique et administrative d\u2019inscription sur les listes \u00e9lectorales des personnes frapp\u00e9es de certaines condamnations, l\u2019article L.30 limite cette interdiction \u00e0 une dur\u00e9e de cinq (5) ans\u00bb. Ainsi, font remarquer les avocats de l\u2019ancien ministre, \u00abdepuis le 21 ao\u00fbt 2020, Karim Wade est \u00e9lecteur et \u00e9ligible en vertu de la loi \u00e9lectorale s\u00e9n\u00e9galaise\u00bb.<br>Par ailleurs, le collectif des avocats de M. Wade \u00abse r\u00e9jouit que le dialogue national, initi\u00e9 par le pr\u00e9sident de la R\u00e9pu\u00adblique et regroupant la Soci\u00e9t\u00e9 civile, les partis politiques de la majorit\u00e9 et de l\u2019opposition, ait unanimement act\u00e9 la r\u00e9vision du proc\u00e8s de Karim Wade\u00bb. Dans le document, les avocats soutiennent que le fils de l\u2019ancien pr\u00e9sident de la R\u00e9publique \u00aba \u00e9t\u00e9 victime de graves et r\u00e9currentes violations de ses droits fondamentaux, c\u2019est pourquoi le Comit\u00e9 des droits de l\u2019Homme des Nations unies a jug\u00e9 que l\u2019arr\u00eat de la Crei violait le Pacte international relatif aux droits civils et politiques, et a demand\u00e9 \u00e0 l\u2019Etat du S\u00e9n\u00e9gal de faire r\u00e9examiner la d\u00e9claration de culpabilit\u00e9 et la condamnation de Karim Wade par une juridiction sup\u00e9rieure\u00bb. Et depuis sa condamnation, rappellent-ils, \u00abKarim Wade n\u2019a cess\u00e9 de r\u00e9clamer la r\u00e9vision de son proc\u00e8s\u00bb.<\/p>\n\n\n\n<p><br><strong>dkane@lequotidien.sn<\/strong><\/p>\n","protected":false},"excerpt":{"rendered":"<p>Pour les avocats de Karim Wade, ce dernier n\u2019est pas concern\u00e9 par la modification de la loi \u00e9lectorale pour \u00eatre<\/p>\n","protected":false},"author":1,"featured_media":0,"comment_status":"open","ping_status":"open","sticky":false,"template":"","format":"standard","meta":{"footnotes":""},"categories":[21],"tags":[],"class_list":["post-14747","post","type-post","status-publish","format-standard","hentry","category-societe"],"_links":{"self":[{"href":"https:\/\/dekkbi.com\/index.php?rest_route=\/wp\/v2\/posts\/14747","targetHints":{"allow":["GET"]}}],"collection":[{"href":"https:\/\/dekkbi.com\/index.php?rest_route=\/wp\/v2\/posts"}],"about":[{"href":"https:\/\/dekkbi.com\/index.php?rest_route=\/wp\/v2\/types\/post"}],"author":[{"embeddable":true,"href":"https:\/\/dekkbi.com\/index.php?rest_route=\/wp\/v2\/users\/1"}],"replies":[{"embeddable":true,"href":"https:\/\/dekkbi.com\/index.php?rest_route=%2Fwp%2Fv2%2Fcomments&post=14747"}],"version-history":[{"count":1,"href":"https:\/\/dekkbi.com\/index.php?rest_route=\/wp\/v2\/posts\/14747\/revisions"}],"predecessor-version":[{"id":14748,"href":"https:\/\/dekkbi.com\/index.php?rest_route=\/wp\/v2\/posts\/14747\/revisions\/14748"}],"wp:attachment":[{"href":"https:\/\/dekkbi.com\/index.php?rest_route=%2Fwp%2Fv2%2Fmedia&parent=14747"}],"wp:term":[{"taxonomy":"category","embeddable":true,"href":"https:\/\/dekkbi.com\/index.php?rest_route=%2Fwp%2Fv2%2Fcategories&post=14747"},{"taxonomy":"post_tag","embeddable":true,"href":"https:\/\/dekkbi.com\/index.php?rest_route=%2Fwp%2Fv2%2Ftags&post=14747"}],"curies":[{"name":"wp","href":"https:\/\/api.w.org\/{rel}","templated":true}]}}