{"id":14742,"date":"2023-06-23T13:10:27","date_gmt":"2023-06-23T13:10:27","guid":{"rendered":"https:\/\/dekkbi.com\/?p=14742"},"modified":"2023-06-23T16:24:45","modified_gmt":"2023-06-23T16:24:45","slug":"covid-19-le-senegal-desactive-son-centre-des-operations-durgence-sanitaire-officiel","status":"publish","type":"post","link":"https:\/\/dekkbi.com\/?p=14742","title":{"rendered":"Covid-19 : le S\u00e9n\u00e9gal d\u00e9sactive son Centre des op\u00e9rations d\u2019urgence sanitaire"},"content":{"rendered":"\n<p><\/p>\n\n\n\n<p>(APS) \u2013 L\u2019Etat du S\u00e9n\u00e9gal a d\u00e9cid\u00e9 de proc\u00e9der \u00e0 la d\u00e9sactivation du Centre des op\u00e9rations d\u2019urgence sanitaire mise en place depuis trois ans environ pour la riposte \u00e0 la Covid-19, a appris l\u2019APS des autorit\u00e9s sanitaires.<\/p>\n\n\n\n<p>\u00ab&nbsp;Au regard de la situation actuelle au S\u00e9n\u00e9gal, le Centre des op\u00e9rations d\u2019urgence sanitaire pour la r\u00e9ponse \u00e0 la Covid-1\u00e7 est d\u00e9sactiv\u00e9&nbsp;\u00bb, lit-on dans un communiqu\u00e9 sign\u00e9 par la ministre de la Sant\u00e9 et de l\u2019Action sociale Dr Marie Kh\u00e9messe Ngom Ndiaye.<\/p>\n\n\n\n<p>Selon le document, les autorit\u00e9s sanitaires ont pris cette d\u00e9cision \u00e0 la suite des \u00ab&nbsp;nouvelles recommandations de la quinzi\u00e8me r\u00e9union du comit\u00e9 d\u2019urgence du R\u00e8glement sanitaire international (RSI) (\u2026) sur la pand\u00e9mie de la Covid-19&nbsp;\u00bb.<\/p>\n\n\n\n<p>Malgr\u00e9 cette d\u00e9sactivation du Centre des op\u00e9rations d\u2019urgence, l\u2019autorit\u00e9 sanitaire demande de \u00ab&nbsp;veiller au renforcement de la surveillance \u00e9pid\u00e9miologique \u00e0 tous les niveaux&nbsp;\u00bb.<\/p>\n\n\n\n<p>\u00ab&nbsp;La prise en charge d\u2019\u00e9ventuels cas de Covid-19 se fera selon les proc\u00e9dures en vigueur&nbsp;\u00bb, a d\u00e9clar\u00e9 la ministre de la Sant\u00e9 et de l\u2019Action sociale cit\u00e9e dans le texte.<\/p>\n","protected":false},"excerpt":{"rendered":"<p>(APS) \u2013 L\u2019Etat du S\u00e9n\u00e9gal a d\u00e9cid\u00e9 de proc\u00e9der \u00e0 la d\u00e9sactivation du Centre des op\u00e9rations d\u2019urgence sanitaire mise en<\/p>\n","protected":false},"author":1,"featured_media":14743,"comment_status":"open","ping_status":"open","sticky":false,"template":"","format":"standard","meta":{"footnotes":""},"categories":[21],"tags":[],"class_list":["post-14742","post","type-post","status-publish","format-standard","has-post-thumbnail","hentry","category-societe"],"_links":{"self":[{"href":"https:\/\/dekkbi.com\/index.php?rest_route=\/wp\/v2\/posts\/14742","targetHints":{"allow":["GET"]}}],"collection":[{"href":"https:\/\/dekkbi.com\/index.php?rest_route=\/wp\/v2\/posts"}],"about":[{"href":"https:\/\/dekkbi.com\/index.php?rest_route=\/wp\/v2\/types\/post"}],"author":[{"embeddable":true,"href":"https:\/\/dekkbi.com\/index.php?rest_route=\/wp\/v2\/users\/1"}],"replies":[{"embeddable":true,"href":"https:\/\/dekkbi.com\/index.php?rest_route=%2Fwp%2Fv2%2Fcomments&post=14742"}],"version-history":[{"count":2,"href":"https:\/\/dekkbi.com\/index.php?rest_route=\/wp\/v2\/posts\/14742\/revisions"}],"predecessor-version":[{"id":14787,"href":"https:\/\/dekkbi.com\/index.php?rest_route=\/wp\/v2\/posts\/14742\/revisions\/14787"}],"wp:featuredmedia":[{"embeddable":true,"href":"https:\/\/dekkbi.com\/index.php?rest_route=\/wp\/v2\/media\/14743"}],"wp:attachment":[{"href":"https:\/\/dekkbi.com\/index.php?rest_route=%2Fwp%2Fv2%2Fmedia&parent=14742"}],"wp:term":[{"taxonomy":"category","embeddable":true,"href":"https:\/\/dekkbi.com\/index.php?rest_route=%2Fwp%2Fv2%2Fcategories&post=14742"},{"taxonomy":"post_tag","embeddable":true,"href":"https:\/\/dekkbi.com\/index.php?rest_route=%2Fwp%2Fv2%2Ftags&post=14742"}],"curies":[{"name":"wp","href":"https:\/\/api.w.org\/{rel}","templated":true}]}}