{"id":14731,"date":"2023-06-23T12:28:46","date_gmt":"2023-06-23T12:28:46","guid":{"rendered":"https:\/\/dekkbi.com\/?p=14731"},"modified":"2023-06-23T12:28:47","modified_gmt":"2023-06-23T12:28:47","slug":"paris-financement-du-mix-energetique-le-senegal-decroche-1635-milliards","status":"publish","type":"post","link":"https:\/\/dekkbi.com\/?p=14731","title":{"rendered":"Paris \u2013 Financement du mix \u00e9nerg\u00e9tique: Le S\u00e9n\u00e9gal d\u00e9croche 1635 milliards"},"content":{"rendered":"\n<p><strong>Le S\u00e9n\u00e9gal figure parmi les 4 pays africains qui vont b\u00e9n\u00e9ficier des financements des partenaires internationaux destin\u00e9s au d\u00e9veloppement des \u00e9nergies renouvelables. Le pays va recevoir 2, 5 milliards d\u2019euros, soit 1637, 5 milliards de francs Cfa, pour porter son taux de mix \u00e9nerg\u00e9tique \u00e0 40% d\u2019ici 2030, selon le Pr\u00e9sident Macky Sall, qui prenait part hier au Sommet de Paris sur un nouveau pacte financier mondial.<\/strong><\/p>\n\n\n\n<p><strong>Par D. FAYE \u2013&nbsp;<\/strong>Dans le cadre du Partena\u00adriat pour une transition \u00e9nerg\u00e9tique juste (Jetp, sigle en anglais), le S\u00e9n\u00e9gal b\u00e9n\u00e9ficiera d\u2019un important soutien des partenaires internationaux. Pour d\u00e9velopper ses \u00e9nergies renouvelables, le pays va recevoir 2, 5 milliards d\u2019euros de financement. Ce qui va lui permettre de porter la part des \u00e9nergies renouvelables en capacit\u00e9 install\u00e9e \u00e0 40% de son mix \u00e9nerg\u00e9tique d\u2019ici 2030, a indiqu\u00e9 hier le Pr\u00e9sident Macky Sall. Le chef de l\u2019Etat prenait part au Sommet de Paris sur un nouveau pacte financier mondial. Il a ainsi insist\u00e9 sur \u00abl\u2019imp\u00e9ratif de respecter les engagements pris sur le financement des \u00e9conomies africaines, y compris en faveur du Parte\u00adnariat pour une transition \u00e9nerg\u00e9tique juste (Jetp), qui vient de retenir le S\u00e9n\u00e9gal comme 4e pays b\u00e9n\u00e9ficiaire apr\u00e8s l\u2019Afrique du Sud, l\u2019Indo\u00adn\u00e9sie et le Vietnam, avec un engagement de mobiliser 2, 5 milliards d\u2019euros\u00bb.<br>Le Jetp au S\u00e9n\u00e9gal est soutenu par la France, l\u2019Allema\u00adgne, l\u2019Union europ\u00e9enne, le<br>Ro\u00adyau\u00adme-Uni et le Canada. Le Pr\u00e9si\u00addent n\u2019a pas manqu\u00e9 de plaider pour le financement du secteur priv\u00e9 s\u00e9n\u00e9galais et africain.<br>Intervenant au panel sur le financement des infrastructures et le secteur priv\u00e9, le pr\u00e9sident de la R\u00e9publique a \u00e9voqu\u00e9 \u00ables d\u00e9fis de financement des infrastructures pour favoriser le d\u00e9veloppement\u00bb. A son avis, \u00abcela passe par&nbsp; un acc\u00e8s aux march\u00e9s de capitaux \u00e0 des co\u00fbts soutenables qui n\u00e9cessite une r\u00e9forme de la gouvernance financi\u00e8re mondiale, la r\u00e9vision des crit\u00e8res de perception du risque d\u2019investissement et la r\u00e9duction des co\u00fbts de primes d\u2019assurance\u00bb.<br>Ouvert hier, le Sommet de Paris pour un nouveau pacte financier mondial de deux jours, vise \u00e0 \u00abremobiliser la Communaut\u00e9 internationale autour de la question cruciale de financement du d\u00e9veloppement et de la r\u00e9forme de l\u2019architecture financi\u00e8re internationale\u00bb.<br><strong>dialigue@lequotidien.sn<\/strong><\/p>\n","protected":false},"excerpt":{"rendered":"<p>Le S\u00e9n\u00e9gal figure parmi les 4 pays africains qui vont b\u00e9n\u00e9ficier des financements des partenaires internationaux destin\u00e9s au d\u00e9veloppement des<\/p>\n","protected":false},"author":1,"featured_media":14732,"comment_status":"open","ping_status":"open","sticky":false,"template":"","format":"standard","meta":{"footnotes":""},"categories":[6],"tags":[],"class_list":["post-14731","post","type-post","status-publish","format-standard","has-post-thumbnail","hentry","category-politics"],"_links":{"self":[{"href":"https:\/\/dekkbi.com\/index.php?rest_route=\/wp\/v2\/posts\/14731","targetHints":{"allow":["GET"]}}],"collection":[{"href":"https:\/\/dekkbi.com\/index.php?rest_route=\/wp\/v2\/posts"}],"about":[{"href":"https:\/\/dekkbi.com\/index.php?rest_route=\/wp\/v2\/types\/post"}],"author":[{"embeddable":true,"href":"https:\/\/dekkbi.com\/index.php?rest_route=\/wp\/v2\/users\/1"}],"replies":[{"embeddable":true,"href":"https:\/\/dekkbi.com\/index.php?rest_route=%2Fwp%2Fv2%2Fcomments&post=14731"}],"version-history":[{"count":1,"href":"https:\/\/dekkbi.com\/index.php?rest_route=\/wp\/v2\/posts\/14731\/revisions"}],"predecessor-version":[{"id":14733,"href":"https:\/\/dekkbi.com\/index.php?rest_route=\/wp\/v2\/posts\/14731\/revisions\/14733"}],"wp:featuredmedia":[{"embeddable":true,"href":"https:\/\/dekkbi.com\/index.php?rest_route=\/wp\/v2\/media\/14732"}],"wp:attachment":[{"href":"https:\/\/dekkbi.com\/index.php?rest_route=%2Fwp%2Fv2%2Fmedia&parent=14731"}],"wp:term":[{"taxonomy":"category","embeddable":true,"href":"https:\/\/dekkbi.com\/index.php?rest_route=%2Fwp%2Fv2%2Fcategories&post=14731"},{"taxonomy":"post_tag","embeddable":true,"href":"https:\/\/dekkbi.com\/index.php?rest_route=%2Fwp%2Fv2%2Ftags&post=14731"}],"curies":[{"name":"wp","href":"https:\/\/api.w.org\/{rel}","templated":true}]}}