{"id":14728,"date":"2023-06-23T12:20:44","date_gmt":"2023-06-23T12:20:44","guid":{"rendered":"https:\/\/dekkbi.com\/?p=14728"},"modified":"2023-06-23T12:20:45","modified_gmt":"2023-06-23T12:20:45","slug":"aissata-tall-sall-repond-a-juan-branco-sa-demarche-est-puerile-et-ridicule","status":"publish","type":"post","link":"https:\/\/dekkbi.com\/?p=14728","title":{"rendered":"AISSATA TALL SALL REPOND A JUAN BRANCO &#8211; \u00ab\u00a0Sa d\u00e9marche est pu\u00e9rile et ridicule\u00a0\u00bb"},"content":{"rendered":"\n<p>A Paris dans le cadre d&rsquo;un tourn\u00e9e avec le chef de l&rsquo;Etat, Me A\u00efssata Tall Sall a r\u00e9pondu \u00e0 la sortie de l&rsquo;avocat Fran\u00e7ais Juan Branco qui promet de traduire devant la Cour p\u00e9nale internationale (CPI) certains dirigeants s\u00e9n\u00e9galais dont Macky Sall, lui-m\u00eame. Invit\u00e9e de France 24 et Rfi, la ministre des Affaires \u00e9trang\u00e8res a qualifi\u00e9 de \u00ab\u00a0pu\u00e9rile et ridicule\u00a0\u00bb la d\u00e9marche de l&rsquo;avocat d&rsquo;Ousmane Sonko.&nbsp;<\/p>\n\n\n\n<p>Avocat du leader politique Ousmane Sonko, Juan Branco a initi\u00e9 une double d\u00e9marche judiciaire contre le Pr\u00e9sident Macky Sall et certains de ses collaborateurs qui accuse d&rsquo;\u00eatre m\u00eal\u00e9s aux violences et aux nombreuses morts enregistr\u00e9es lors des manifestations du d\u00e9bat du mois de juin. Le jeune avocat fran\u00e7ais a mont\u00e9 tout un dossier pour saisir la Cour p\u00e9nale internationale (CPI), mais aussi des pays comme la France o\u00f9 il existe la comp\u00e9tence universelle en mati\u00e8re de justice. Une double d\u00e9marche qui laisse de marbre Me A\u00efssata Tall Sall. Cette derni\u00e8re a \u00e9t\u00e9 interpell\u00e9e sur la question au cours d&rsquo;un entretien avec Rfi et France 24.<\/p>\n","protected":false},"excerpt":{"rendered":"<p>A Paris dans le cadre d&rsquo;un tourn\u00e9e avec le chef de l&rsquo;Etat, Me A\u00efssata Tall Sall a r\u00e9pondu \u00e0 la<\/p>\n","protected":false},"author":1,"featured_media":14729,"comment_status":"open","ping_status":"open","sticky":false,"template":"","format":"standard","meta":{"footnotes":""},"categories":[6],"tags":[],"class_list":["post-14728","post","type-post","status-publish","format-standard","has-post-thumbnail","hentry","category-politics"],"_links":{"self":[{"href":"https:\/\/dekkbi.com\/index.php?rest_route=\/wp\/v2\/posts\/14728","targetHints":{"allow":["GET"]}}],"collection":[{"href":"https:\/\/dekkbi.com\/index.php?rest_route=\/wp\/v2\/posts"}],"about":[{"href":"https:\/\/dekkbi.com\/index.php?rest_route=\/wp\/v2\/types\/post"}],"author":[{"embeddable":true,"href":"https:\/\/dekkbi.com\/index.php?rest_route=\/wp\/v2\/users\/1"}],"replies":[{"embeddable":true,"href":"https:\/\/dekkbi.com\/index.php?rest_route=%2Fwp%2Fv2%2Fcomments&post=14728"}],"version-history":[{"count":1,"href":"https:\/\/dekkbi.com\/index.php?rest_route=\/wp\/v2\/posts\/14728\/revisions"}],"predecessor-version":[{"id":14730,"href":"https:\/\/dekkbi.com\/index.php?rest_route=\/wp\/v2\/posts\/14728\/revisions\/14730"}],"wp:featuredmedia":[{"embeddable":true,"href":"https:\/\/dekkbi.com\/index.php?rest_route=\/wp\/v2\/media\/14729"}],"wp:attachment":[{"href":"https:\/\/dekkbi.com\/index.php?rest_route=%2Fwp%2Fv2%2Fmedia&parent=14728"}],"wp:term":[{"taxonomy":"category","embeddable":true,"href":"https:\/\/dekkbi.com\/index.php?rest_route=%2Fwp%2Fv2%2Fcategories&post=14728"},{"taxonomy":"post_tag","embeddable":true,"href":"https:\/\/dekkbi.com\/index.php?rest_route=%2Fwp%2Fv2%2Ftags&post=14728"}],"curies":[{"name":"wp","href":"https:\/\/api.w.org\/{rel}","templated":true}]}}