{"id":14718,"date":"2023-06-22T15:54:31","date_gmt":"2023-06-22T15:54:31","guid":{"rendered":"https:\/\/dekkbi.com\/?p=14718"},"modified":"2023-06-22T15:54:32","modified_gmt":"2023-06-22T15:54:32","slug":"paris-des-pays-riches-promettent-25-milliards-deuros-au-senegal-pour-decarboner-son-energie-macky-sall","status":"publish","type":"post","link":"https:\/\/dekkbi.com\/?p=14718","title":{"rendered":"Paris : Des pays riches promettent 2,5 milliards d&rsquo;euros au S\u00e9n\u00e9gal pour d\u00e9carboner son \u00e9nergie (Macky Sall)"},"content":{"rendered":"\n<p>Un groupe de pays riches et de banques de d\u00e9veloppement se sont engag\u00e9s \u00e0 mobiliser 2,5 milliards d&rsquo;euros pour aider le S\u00e9n\u00e9gal \u00e0 r\u00e9duire sa d\u00e9pendance aux \u00e9nergies fossiles, a annonc\u00e9 jeudi le pr\u00e9sident Macky Sall lors du Sommet pour un nouveau pacte financier mondial \u00e0 Paris.<\/p>\n\n\n\n<p>\u00ab\u00a0Le S\u00e9n\u00e9gal s&rsquo;est engag\u00e9 \u00e0 monter \u00e0 40% d&rsquo;\u00e9nergies renouvelables \u00e0 l&rsquo;horizon 2030 (&#8230;) avec un financement de l&rsquo;ordre de 2,5 milliards d&rsquo;euros\u00a0\u00bb, a d\u00e9clar\u00e9 le pr\u00e9sident s\u00e9n\u00e9galais, en annon\u00e7ant ce \u00ab\u00a0partenariat pour une transition \u00e9nerg\u00e9tique \u00e9quitable\u00a0\u00bb (JETP) nou\u00e9 avec la France, l&rsquo;Allemagne, le Royaume-Uni, le Canada et l&rsquo;Union europ\u00e9enne.<\/p>\n\n\n\n<p>\u00ab\u00a0Nous pensons que si cet argent est mobilis\u00e9 nous pourrons atteindre voire d\u00e9passer cet objectif\u00a0\u00bb, a-t-il ajout\u00e9.<\/p>\n\n\n\n<p>\u00ab\u00a0Nous sommes \u00e0 31% d&rsquo;\u00e9nergies renouvelables sur la base d&rsquo;une dette qui est faite dans des conditions pas toujours favorables\u00a0\u00bb, a-t-il d\u00e9fendu, r\u00e9clamant \u00ab\u00a0qu&rsquo;on soit juste avec nous pour que les \u00e9nergies comme le gaz, qui doit \u00eatre une \u00e9nergie de transition, puissent cohabiter avec l&rsquo;\u00e9nergie renouvelable\u00a0\u00bb.<\/p>\n\n\n\n<p>De fait, le partenariat reconna\u00eet que \u00ab\u00a0le S\u00e9n\u00e9gal entend utiliser ses ressources en gaz naturel comme une \u00e9nergie de transition\u00a0\u00bb avec en ligne de mire \u00ab\u00a0une sortie progressive des combustibles au fioul lourd\u00a0\u00bb, affirme la d\u00e9claration politique \u00e9tablie par les parties prenantes, dont la Banque mondiale et la Banque africaine de d\u00e9veloppement.<\/p>\n\n\n\n<p>Ce JETP est nou\u00e9 \u00ab\u00a0pour une p\u00e9riode initiale de 3 \u00e0 5 ans \u00e0 partir de 2023\u00a0\u00bb et \u00ab\u00a0des financements suppl\u00e9mentaires pourront \u00eatre mobilis\u00e9s durant et au-del\u00e0 de cette p\u00e9riode pour soutenir les ambitions s\u00e9n\u00e9galaises\u00a0\u00bb, poursuit la d\u00e9claration.<\/p>\n\n\n\n<p>\u00ab\u00a0L&rsquo;objectif propos\u00e9 par le S\u00e9n\u00e9gal en mati\u00e8re d&rsquo;\u00e9nergies renouvelables est une bonne id\u00e9e, nous ne voulons pas qu&rsquo;ils soient enferm\u00e9s dans une d\u00e9pendance \u00e0 long terme vis-\u00e0-vis du gaz\u00a0\u00bb, a salu\u00e9 Ronan Palmer, du groupe de r\u00e9flexion sur le climat E3G.<\/p>\n\n\n\n<p>Mais \u00ab\u00a0les bailleurs de fonds du JETP s\u00e9n\u00e9galais doivent \u00e9viter soigneusement les erreurs commises en Afrique du Sud. Il ne doit pas s&rsquo;agir d&rsquo;un m\u00e9canisme permettant d&rsquo;accro\u00eetre l&rsquo;endettement\u00a0\u00bb, a mis en garde l&rsquo;expert, joint par l&rsquo;AFP.<\/p>\n\n\n\n<p>L&rsquo;Afrique du Sud avait \u00e9t\u00e9 le premier pays \u00e0 signer un \u00ab\u00a0partenariat pour une transition \u00e9nerg\u00e9tique \u00e9quitable\u00a0\u00bb (JETP) lors de la COP26 \u00e0 Glasgow, suivi fin 2022 par l&rsquo;Indon\u00e9sie et le Vietnam.<\/p>\n\n\n\n<p>En d\u00e9but de semaine, M. Sall a \u00e9voqu\u00e9 pour la premi\u00e8re fois en public les troubles meurtriers qui ont secou\u00e9 son pays d\u00e9but juin, \u00e9branlant l&rsquo;image de stabilit\u00e9 du S\u00e9n\u00e9gal, en les reliant aux projets d&rsquo;extraction d&rsquo;\u00e9nergies fossiles de son pays.<\/p>\n\n\n\n<p>\u00ab\u00a0Notre profil \u00e9conomique est devenu tr\u00e8s attrayant. Cette ann\u00e9e, nous allons commencer \u00e0 extraire du p\u00e9trole et du gaz\u00a0\u00bb, a d\u00e9clar\u00e9 mardi M. Sall. \u00ab\u00a0C&rsquo;est peut-\u00eatre aussi la raison de toute cette fr\u00e9n\u00e9sie.\u00a0\u00bb<\/p>\n\n\n\n<p>Au moins 16 personnes ont \u00e9t\u00e9 tu\u00e9es selon les autorit\u00e9s, 26 selon l&rsquo;opposition, dans les troubles d\u00e9clench\u00e9s par la condamnation d&rsquo;un leader populaire de l&rsquo;opposition.<\/p>\n\n\n\n<p>Source &#8211; seneweb<\/p>\n","protected":false},"excerpt":{"rendered":"<p>Un groupe de pays riches et de banques de d\u00e9veloppement se sont engag\u00e9s \u00e0 mobiliser 2,5 milliards d&rsquo;euros pour aider<\/p>\n","protected":false},"author":1,"featured_media":14719,"comment_status":"open","ping_status":"open","sticky":false,"template":"","format":"standard","meta":{"footnotes":""},"categories":[21],"tags":[],"class_list":["post-14718","post","type-post","status-publish","format-standard","has-post-thumbnail","hentry","category-societe"],"_links":{"self":[{"href":"https:\/\/dekkbi.com\/index.php?rest_route=\/wp\/v2\/posts\/14718","targetHints":{"allow":["GET"]}}],"collection":[{"href":"https:\/\/dekkbi.com\/index.php?rest_route=\/wp\/v2\/posts"}],"about":[{"href":"https:\/\/dekkbi.com\/index.php?rest_route=\/wp\/v2\/types\/post"}],"author":[{"embeddable":true,"href":"https:\/\/dekkbi.com\/index.php?rest_route=\/wp\/v2\/users\/1"}],"replies":[{"embeddable":true,"href":"https:\/\/dekkbi.com\/index.php?rest_route=%2Fwp%2Fv2%2Fcomments&post=14718"}],"version-history":[{"count":1,"href":"https:\/\/dekkbi.com\/index.php?rest_route=\/wp\/v2\/posts\/14718\/revisions"}],"predecessor-version":[{"id":14720,"href":"https:\/\/dekkbi.com\/index.php?rest_route=\/wp\/v2\/posts\/14718\/revisions\/14720"}],"wp:featuredmedia":[{"embeddable":true,"href":"https:\/\/dekkbi.com\/index.php?rest_route=\/wp\/v2\/media\/14719"}],"wp:attachment":[{"href":"https:\/\/dekkbi.com\/index.php?rest_route=%2Fwp%2Fv2%2Fmedia&parent=14718"}],"wp:term":[{"taxonomy":"category","embeddable":true,"href":"https:\/\/dekkbi.com\/index.php?rest_route=%2Fwp%2Fv2%2Fcategories&post=14718"},{"taxonomy":"post_tag","embeddable":true,"href":"https:\/\/dekkbi.com\/index.php?rest_route=%2Fwp%2Fv2%2Ftags&post=14718"}],"curies":[{"name":"wp","href":"https:\/\/api.w.org\/{rel}","templated":true}]}}