{"id":14691,"date":"2023-06-22T14:15:13","date_gmt":"2023-06-22T14:15:13","guid":{"rendered":"https:\/\/dekkbi.com\/?p=14691"},"modified":"2023-06-22T14:15:13","modified_gmt":"2023-06-22T14:15:13","slug":"france-important-incendie-en-plein-paris-un-immeuble-en-partie-effondre","status":"publish","type":"post","link":"https:\/\/dekkbi.com\/?p=14691","title":{"rendered":"France: important incendie en plein Paris, un immeuble en partie effondr\u00e9"},"content":{"rendered":"\n<p>&nbsp;Un important incendie, \u00e0 l&rsquo;origine encore inconnue, s&rsquo;est d\u00e9clar\u00e9 mercredi 21 juin dans un immeuble du centre de Paris dont une partie s&rsquo;est effondr\u00e9e. La Pr\u00e9fecture de Police \u00e9voque sept bless\u00e9s en \u00ab urgence absolue \u00bb et neuf en \u00ab urgence relative \u00bb.<\/p>\n\n\n\n<p>\u00ab\u00a0Un incendie est en cours rue Saint-Jacques, dans le Ve arrondissement de Paris. Les sapeurs-pompiers de Paris interviennent. Merci de ne pas g\u00eaner leur intervention et d\u2019\u00e9viter le secteur\u00a0\u00bb, a tweet\u00e9 le ministre de l\u2019Int\u00e9rieur G\u00e9rald Darmanin.<br><br>\u00ab\u00a0Intervention en cours rue Saint-Jacques \u00e0 #Paris5. \u00c9vitez le secteur et laissez les secours et les policiers intervenir\u00a0\u00bb, a de son c\u00f4t\u00e9 tweet\u00e9 la pr\u00e9fecture de police.<br><br>Un clich\u00e9 pris par un photographe AFP montrait un panache de fum\u00e9e et des flammes s\u2019\u00e9levant des ruines d\u2019un immeuble.<br><br>Selon le parquet de Paris, \u00ab un immeuble a pris feu et s\u2019est partiellement effondr\u00e9 \u00bb rue Saint-Jacques, pr\u00e8s de l\u2019\u00e9glise Notre-Dame du Val-de-Gr\u00e2ce, et un premier bilan provisoire fait \u00e9tat \u00ab d\u2019une personne bless\u00e9e br\u00fbl\u00e9e \u00bb. \u00ab Rien ne permet de d\u00e9terminer l\u2019origine du sinistre \u00bb \u00e0 ce stade, a pr\u00e9cis\u00e9 le parquet.<br><br>\u00c9douard Civel, premier adjoint de la mairie du Ve arrondissement, \u00e9voque dans un tweet une explosion de gaz. \u00ab Habitants du Ve, une explosion de gaz vient de se produire place Alfonse Laveran dans le quartier du Val de Gr\u00e2ce, des immeubles sont incendi\u00e9s, restez \u00e0 distance pour permettre aux pompiers d\u2019intervenir \u00bb, \u00e9crit \u00c9douard Civel sur Twitter.<\/p>\n\n\n\n<p>Source &#8211; iGFM<\/p>\n","protected":false},"excerpt":{"rendered":"<p>&nbsp;Un important incendie, \u00e0 l&rsquo;origine encore inconnue, s&rsquo;est d\u00e9clar\u00e9 mercredi 21 juin dans un immeuble du centre de Paris dont<\/p>\n","protected":false},"author":1,"featured_media":14692,"comment_status":"open","ping_status":"open","sticky":false,"template":"","format":"standard","meta":{"footnotes":""},"categories":[51],"tags":[],"class_list":["post-14691","post","type-post","status-publish","format-standard","has-post-thumbnail","hentry","category-general"],"_links":{"self":[{"href":"https:\/\/dekkbi.com\/index.php?rest_route=\/wp\/v2\/posts\/14691","targetHints":{"allow":["GET"]}}],"collection":[{"href":"https:\/\/dekkbi.com\/index.php?rest_route=\/wp\/v2\/posts"}],"about":[{"href":"https:\/\/dekkbi.com\/index.php?rest_route=\/wp\/v2\/types\/post"}],"author":[{"embeddable":true,"href":"https:\/\/dekkbi.com\/index.php?rest_route=\/wp\/v2\/users\/1"}],"replies":[{"embeddable":true,"href":"https:\/\/dekkbi.com\/index.php?rest_route=%2Fwp%2Fv2%2Fcomments&post=14691"}],"version-history":[{"count":1,"href":"https:\/\/dekkbi.com\/index.php?rest_route=\/wp\/v2\/posts\/14691\/revisions"}],"predecessor-version":[{"id":14693,"href":"https:\/\/dekkbi.com\/index.php?rest_route=\/wp\/v2\/posts\/14691\/revisions\/14693"}],"wp:featuredmedia":[{"embeddable":true,"href":"https:\/\/dekkbi.com\/index.php?rest_route=\/wp\/v2\/media\/14692"}],"wp:attachment":[{"href":"https:\/\/dekkbi.com\/index.php?rest_route=%2Fwp%2Fv2%2Fmedia&parent=14691"}],"wp:term":[{"taxonomy":"category","embeddable":true,"href":"https:\/\/dekkbi.com\/index.php?rest_route=%2Fwp%2Fv2%2Fcategories&post=14691"},{"taxonomy":"post_tag","embeddable":true,"href":"https:\/\/dekkbi.com\/index.php?rest_route=%2Fwp%2Fv2%2Ftags&post=14691"}],"curies":[{"name":"wp","href":"https:\/\/api.w.org\/{rel}","templated":true}]}}