{"id":14661,"date":"2023-06-22T13:01:02","date_gmt":"2023-06-22T13:01:02","guid":{"rendered":"https:\/\/dekkbi.com\/?p=14661"},"modified":"2023-06-22T13:01:02","modified_gmt":"2023-06-22T13:01:02","slug":"campagne-1-million-de-raisons-de-continuer-avec-macky-sall-abdoulaye-dieye-recolte-deja-800-000-signatures","status":"publish","type":"post","link":"https:\/\/dekkbi.com\/?p=14661","title":{"rendered":"Campagne \u00ab\u00a01 million de raisons de continuer avec Macky Sall\u00a0\u00bb : Abdoulaye Di\u00e8ye r\u00e9colte d\u00e9j\u00e0 800 000 signatures"},"content":{"rendered":"\n<p>e pr\u00e9sident du mouvement Siggi Jotna, par ailleurs directeur g\u00e9n\u00e9ral de l&rsquo;AIDB,&nbsp; a lanc\u00e9 la plateforme \u00ab\u00a01 million de&nbsp; raisons&nbsp; de continuer, 1 million de signatures\u00a0\u00bb. En quelques semaines, il a pu engranger 800 000 signatures. \u00abNous avons pu r\u00e9colter&nbsp; 800 000 signatures partout dans le pays\u00bb, d\u00e9clare le pr\u00e9sident de Siggi Jotna.<\/p>\n\n\n\n<p>&nbsp;Aujourd\u2019hui, il \u00e9tait question&nbsp; de faire&nbsp; le point sur le bilan \u00e0 mi-parcours du travail effectu\u00e9.<\/p>\n\n\n\n<p><strong>&nbsp;\u00ab\u00a01 million de raisons de continuer avec Macky et 1 million de signatures\u00a0\u00bb<\/strong><\/p>\n\n\n\n<p>\u00abIl y a quelques semaines, nous avions lanc\u00e9&nbsp; la plateforme &lsquo;1 million&nbsp; de signatures&rsquo;. Aujourd\u2019hui, \u00e0 mi-chemin, nous sommes \u00e0 800 millions&nbsp;&nbsp; et nos r\u00e9sultats ont largement d\u00e9pass\u00e9 nos attentes. Cela montre que la majorit\u00e9 silencieuse des S\u00e9n\u00e9galais&nbsp; est&nbsp; engag\u00e9e dans la dynamique&nbsp; de renouveler le pacte de confiance qui les lie&nbsp;&nbsp; au pr\u00e9sident Macky Sall. En quelques semaines, nous avons collect\u00e9 plus de 800 mille&nbsp; signatures&nbsp; partout dans le pays et dans notre diaspora\u00bb, a d\u00e9clar\u00e9 le DG de l&rsquo;AIDB.<\/p>\n\n\n\n<p>&nbsp; Abdoulaye Di\u00e8ye estime que \u00abchaque signature porte un v\u0153u, un espoir d\u2019un lendemain heureux. Nous parlons du pays r\u00e9el et non de celui&nbsp; virtuel, des professionnels de la manipulation qui r\u00e9pandent&nbsp; la terreur dans les c\u0153urs et les esprits. Huit cent mille signatures, donc 800 mille raisons de continuer, 800 mille raisons de d\u00e9sarmer la haine dans un pays de paix et de dialogue. Nous&nbsp; sommes tous unis pour une seule cause&nbsp; et ensemble, nous allons faire entendre nos voix, notre voix, la voix de la sagesse. Nous avons rassembl\u00e9 des signatures pour partager nos histoires, pour&nbsp; sensibiliser le monde sur l\u2019importance de la&nbsp; troisi\u00e8me candidature&nbsp; du pr\u00e9sident Macky\u00bb.<\/p>\n\n\n\n<p>Par ailleurs, il explique les difficult\u00e9s rencontr\u00e9es durant la collecte. \u00abAu cours de&nbsp; cette campagne, nous avons eu des difficult\u00e9s et m\u00eame&nbsp; des critiques, mais cela ne nous emp\u00eache pas de pers\u00e9v\u00e9rer&nbsp; dans notre cause\u00bb.<\/p>\n\n\n\n<p>Abdoulaye Di\u00e8ye persiste que leur objectif sera atteint, car il&nbsp; reste convaincu que \u00ab\u00a0le bilan du pr\u00e9sident&nbsp;&nbsp; constitue une raison suffisante&nbsp; pour&nbsp; continuer \u00e0 la t\u00eate du pays, car le S\u00e9n\u00e9gal est en train de passer&nbsp; de&nbsp; l\u2019indigence \u00e0 l&rsquo;\u00e9mergence. Sur&nbsp; le plan diplomatique, le S\u00e9n\u00e9gal continue de rayonner,&nbsp; comme en attestent son bilan \u00e0 la t\u00eate de l\u2019Union&nbsp; africaine&nbsp; et la m\u00e9diation dans la guerre russo-ukrainienne. Le contexte sous-r\u00e9gional qui fait&nbsp;&nbsp; du S\u00e9n\u00e9gal l\u2019un des derniers remparts contre&nbsp; la mont\u00e9e de l&rsquo;extr\u00e9misme&nbsp; est une autre raison essentielle face&nbsp; \u00e0 ces succ\u00e8s engag\u00e9s depuis presque 11 ann\u00e9es&nbsp; \u00e0 la&nbsp; t\u00eate du S\u00e9n\u00e9gal. Et face au p\u00e9ril, le pr\u00e9sident Macky Sall&nbsp; est dans&nbsp; l\u2019obligation patriotique, pour ne pas dire morale, de renouveler le pacte qui le lie aux S\u00e9n\u00e9galais. L&rsquo;\u00c9tat doit rester fort et faire face. La candidature du pr\u00e9sident Macky Sall n\u2019est plus un choix personnel, mais un devoir. Nous allons continuer cette campagne pour demander aux S\u00e9n\u00e9galais de donner les raisons qui les poussent \u00e0 soutenir le pr\u00e9sident\u00a0\u00bb.<\/p>\n\n\n\n<p>Ainsi,\u00a0 le pr\u00e9sident\u00a0 de Siggi Jotna donne rendez-vous au mois de juillet pour pr\u00e9senter le million de signatures.<\/p>\n\n\n\n<p>Source &#8211; seneweb<\/p>\n","protected":false},"excerpt":{"rendered":"<p>e pr\u00e9sident du mouvement Siggi Jotna, par ailleurs directeur g\u00e9n\u00e9ral de l&rsquo;AIDB,&nbsp; a lanc\u00e9 la plateforme \u00ab\u00a01 million de&nbsp; raisons&nbsp;<\/p>\n","protected":false},"author":1,"featured_media":14662,"comment_status":"open","ping_status":"open","sticky":false,"template":"","format":"standard","meta":{"footnotes":""},"categories":[6],"tags":[],"class_list":["post-14661","post","type-post","status-publish","format-standard","has-post-thumbnail","hentry","category-politics"],"_links":{"self":[{"href":"https:\/\/dekkbi.com\/index.php?rest_route=\/wp\/v2\/posts\/14661","targetHints":{"allow":["GET"]}}],"collection":[{"href":"https:\/\/dekkbi.com\/index.php?rest_route=\/wp\/v2\/posts"}],"about":[{"href":"https:\/\/dekkbi.com\/index.php?rest_route=\/wp\/v2\/types\/post"}],"author":[{"embeddable":true,"href":"https:\/\/dekkbi.com\/index.php?rest_route=\/wp\/v2\/users\/1"}],"replies":[{"embeddable":true,"href":"https:\/\/dekkbi.com\/index.php?rest_route=%2Fwp%2Fv2%2Fcomments&post=14661"}],"version-history":[{"count":1,"href":"https:\/\/dekkbi.com\/index.php?rest_route=\/wp\/v2\/posts\/14661\/revisions"}],"predecessor-version":[{"id":14663,"href":"https:\/\/dekkbi.com\/index.php?rest_route=\/wp\/v2\/posts\/14661\/revisions\/14663"}],"wp:featuredmedia":[{"embeddable":true,"href":"https:\/\/dekkbi.com\/index.php?rest_route=\/wp\/v2\/media\/14662"}],"wp:attachment":[{"href":"https:\/\/dekkbi.com\/index.php?rest_route=%2Fwp%2Fv2%2Fmedia&parent=14661"}],"wp:term":[{"taxonomy":"category","embeddable":true,"href":"https:\/\/dekkbi.com\/index.php?rest_route=%2Fwp%2Fv2%2Fcategories&post=14661"},{"taxonomy":"post_tag","embeddable":true,"href":"https:\/\/dekkbi.com\/index.php?rest_route=%2Fwp%2Fv2%2Ftags&post=14661"}],"curies":[{"name":"wp","href":"https:\/\/api.w.org\/{rel}","templated":true}]}}