{"id":14634,"date":"2023-06-22T12:03:11","date_gmt":"2023-06-22T12:03:11","guid":{"rendered":"https:\/\/dekkbi.com\/?p=14634"},"modified":"2023-06-22T12:03:12","modified_gmt":"2023-06-22T12:03:12","slug":"macky-sall-se-devoile-a-paris-nous-nous-maintiendrons-au-pouvoir-avec-la-volonte-du-peuple-senegalais","status":"publish","type":"post","link":"https:\/\/dekkbi.com\/?p=14634","title":{"rendered":"Macky Sall se d\u00e9voile \u00e0 Paris : \u00abNous nous maintiendrons au pouvoir avec la volont\u00e9 du peuple s\u00e9n\u00e9galais\u00bb"},"content":{"rendered":"\n<p><strong>Le Pr\u00e9sident Macky Sall balise la voie en perspective de la pr\u00e9sidentielle de 2024. Accueilli en grande pompe par des militants \u00e0 Paris, hier mercredi, le chef de l\u2019Etat a d\u00e9clar\u00e9 : \u00abCe que je peux vous promettre, c\u2019est que gr\u00e2ce \u00e0 notre travail, nous nous maintiendrons au pouvoir avec la volont\u00e9 du peuple s\u00e9n\u00e9galais\u00bb. Il appelle ses partisans \u00e0 l\u2019unit\u00e9 et \u00e0 rester mobilis\u00e9s, \u00abpour faciliter cet objectif politique\u2026\u00bb. Convaincu que \u00abtout le reste sera une question de strat\u00e9gie et de tactique politiques\u00bb.<\/strong><\/p>\n\n\n\n<p>Alors que le d\u00e9bat sur sa possibilit\u00e9 de participer \u00e0 la prochaine \u00e9lection pr\u00e9sidentielle continue de faire rage au S\u00e9n\u00e9gal, le pr\u00e9sident de la R\u00e9publique, Macky Sall, semble lancer des signaux d\u2019une troisi\u00e8me candidature ou du moins la victoire de sa coalition en 2024. Accueilli dans une liesse populaire hier, mercredi 21 juin, \u00e0 Paris, il se projette d\u00e9j\u00e0 vers la pr\u00e9sidentielle de 2024. \u00ab<em>Ce que je peux vous promettre, c\u2019est que gr\u00e2ce \u00e0 notre travail, nous nous maintiendrons au pouvoir, avec la volont\u00e9 du peuple s\u00e9n\u00e9galais<\/em>\u00bb, a d\u00e9clar\u00e9 Macky Sall, devant ses militants.<\/p>\n\n\n\n<p>Et pour une victoire \u00e0 l\u2019\u00e9lection pr\u00e9sidentielle, il a appel\u00e9 ses partisans \u00e0 se mobiliser. \u00ab<em>Pour faciliter cet objectif politique, il nous faut avoir l\u2019unit\u00e9 en notre sein. Il faut l\u2019unit\u00e9, il faut la mobilisation, il faut de la g\u00e9n\u00e9rosit\u00e9 entre responsables, entre militants. Tout le reste sera une question de strat\u00e9gie et de tactique politiques<\/em>\u00bb, a laiss\u00e9 entendre Macky Sall.<\/p>\n\n\n\n<p>En effet, les conclusions du Dialogue national, lanc\u00e9 le 31 mai dernier, sont attendues \u00abavant le 25 juin\u00bb, selon un communiqu\u00e9. Et le Chef de l\u2019Etat se prononcera \u00e0 partir de dimanche prochain, 25 juin, selon des informations, \u00e0 l\u2019issue d\u2019un Conseil des ministres qu\u2019il a pr\u00e9sid\u00e9 il y a quelque jours.<\/p>\n\n\n\n<p>\u00ab<em>Restez mobilis\u00e9s ! De toutes les fa\u00e7ons, je m\u2019adresserai au pays dans pas longtemps. Donc, nous aurons \u00e0 faire, beaucoup \u00e0 faire apr\u00e8s cette d\u00e9claration, pour aller vers la marche du progr\u00e8s, vers la victoire de 2024<\/em>\u00bb, a fait savoir Macky Sall.<\/p>\n\n\n\n<p><strong>Source &#8211; sudquotidien.sn<\/strong><\/p>\n","protected":false},"excerpt":{"rendered":"<p>Le Pr\u00e9sident Macky Sall balise la voie en perspective de la pr\u00e9sidentielle de 2024. Accueilli en grande pompe par des<\/p>\n","protected":false},"author":1,"featured_media":14637,"comment_status":"open","ping_status":"open","sticky":false,"template":"","format":"standard","meta":{"footnotes":""},"categories":[6],"tags":[],"class_list":["post-14634","post","type-post","status-publish","format-standard","has-post-thumbnail","hentry","category-politics"],"_links":{"self":[{"href":"https:\/\/dekkbi.com\/index.php?rest_route=\/wp\/v2\/posts\/14634","targetHints":{"allow":["GET"]}}],"collection":[{"href":"https:\/\/dekkbi.com\/index.php?rest_route=\/wp\/v2\/posts"}],"about":[{"href":"https:\/\/dekkbi.com\/index.php?rest_route=\/wp\/v2\/types\/post"}],"author":[{"embeddable":true,"href":"https:\/\/dekkbi.com\/index.php?rest_route=\/wp\/v2\/users\/1"}],"replies":[{"embeddable":true,"href":"https:\/\/dekkbi.com\/index.php?rest_route=%2Fwp%2Fv2%2Fcomments&post=14634"}],"version-history":[{"count":1,"href":"https:\/\/dekkbi.com\/index.php?rest_route=\/wp\/v2\/posts\/14634\/revisions"}],"predecessor-version":[{"id":14639,"href":"https:\/\/dekkbi.com\/index.php?rest_route=\/wp\/v2\/posts\/14634\/revisions\/14639"}],"wp:featuredmedia":[{"embeddable":true,"href":"https:\/\/dekkbi.com\/index.php?rest_route=\/wp\/v2\/media\/14637"}],"wp:attachment":[{"href":"https:\/\/dekkbi.com\/index.php?rest_route=%2Fwp%2Fv2%2Fmedia&parent=14634"}],"wp:term":[{"taxonomy":"category","embeddable":true,"href":"https:\/\/dekkbi.com\/index.php?rest_route=%2Fwp%2Fv2%2Fcategories&post=14634"},{"taxonomy":"post_tag","embeddable":true,"href":"https:\/\/dekkbi.com\/index.php?rest_route=%2Fwp%2Fv2%2Ftags&post=14634"}],"curies":[{"name":"wp","href":"https:\/\/api.w.org\/{rel}","templated":true}]}}