{"id":14627,"date":"2023-06-22T11:56:38","date_gmt":"2023-06-22T11:56:38","guid":{"rendered":"https:\/\/dekkbi.com\/?p=14627"},"modified":"2023-06-22T11:56:39","modified_gmt":"2023-06-22T11:56:39","slug":"senegal-oman-un-pas-de-geant-dans-le-transport-aerien-entre-les-deux-pays","status":"publish","type":"post","link":"https:\/\/dekkbi.com\/?p=14627","title":{"rendered":"S\u00e9n\u00e9gal-Oman : Un pas de g\u00e9ant dans le transport a\u00e9rien entre les deux pays"},"content":{"rendered":"\n<p>Le S\u00e9n\u00e9gal a franchi un pas significatif dans le d\u00e9veloppement de son secteur du transport a\u00e9rien en \u00e9tablissant un partenariat \u00ab in\u00e9dit \u00bb avec le Sultanat d&rsquo;Oman. Doudou Ka, Ministre des Transports A\u00e9riens et du D\u00e9veloppement des Infrastructures A\u00e9roportuaires du S\u00e9n\u00e9gal, a sign\u00e9 une s\u00e9rie d&rsquo;accords a\u00e9riens avec Na\u00eff Ali Al-Abri, Pr\u00e9sident Ex\u00e9cutif de l&rsquo;aviation civile Omanaise, lors d&rsquo;une c\u00e9r\u00e9monie officielle tenue ce mercredi 21 juin 2023.<br>Le projet phare du S\u00e9n\u00e9gal, le \u00ab\u00a0hub a\u00e9rien\u00a0\u00bb, vise \u00e0 trouver des relais et des partenaires pour renforcer la connectivit\u00e9 a\u00e9rienne du pays. Dans cette optique, le S\u00e9n\u00e9gal mise sur le Sultanat d&rsquo;Oman, situ\u00e9 au Moyen-Orient. Selon Doudou Ka, ce partenariat contribuera au d\u00e9veloppement du transport a\u00e9rien entre les deux pays. Il d\u00e9clare : \u00ab\u00a0C&rsquo;est un partenariat in\u00e9dit nou\u00e9 entre nos deux pays pour le d\u00e9veloppement du transport a\u00e9rien entre nos deux pays.\u00a0\u00bb<br>La visite au Sultanat d&rsquo;Oman a \u00e9t\u00e9 l&rsquo;occasion pour Doudou Ka d&rsquo;avoir une s\u00e9ance de travail fructueuse avec son homologue omanais, Saeed Bin Hamoud Al-Maawali. Ils ont discut\u00e9 de la concr\u00e9tisation des accords, en particulier du partenariat entre Oman Air et Air S\u00e9n\u00e9gal, ainsi que des opportunit\u00e9s d&rsquo;investissement au S\u00e9n\u00e9gal. Doudou Ka souligne : \u00ab\u00a0C&rsquo;est un pas qualitatif qui a \u00e9t\u00e9 franchi dans le renforcement de nos liens bilat\u00e9raux.\u00a0\u00bb<br>Le Ministre a \u00e9galement transmis les salutations et les remerciements du pr\u00e9sident de la R\u00e9publique du S\u00e9n\u00e9gal, Macky Sall, au Sultan Ha\u00eftham Ben Tariq, Chef de l&rsquo;\u00c9tat et du Gouvernement du Sultanat d&rsquo;Oman.<\/p>\n\n\n\n<figure class=\"wp-block-image\"><img decoding=\"async\" src=\"http:\/\/images.seneweb.com\/dynamic\/modules\/news\/images\/gen\/Ely\/DDKA-NAIF1.jpeg\" alt=\"\"\/><\/figure>\n\n\n\n<figure class=\"wp-block-image\"><img decoding=\"async\" src=\"http:\/\/images.seneweb.com\/dynamic\/modules\/news\/images\/gen\/Ely\/DDKA-NAIF2.jpeg\" alt=\"\"\/><\/figure>\n\n\n\n<figure class=\"wp-block-image\"><img decoding=\"async\" src=\"http:\/\/images.seneweb.com\/dynamic\/modules\/news\/images\/gen\/Ely\/DDKA-NAIF3.jpeg\" alt=\"\"\/><\/figure>\n\n\n\n<figure class=\"wp-block-image\"><img decoding=\"async\" src=\"http:\/\/images.seneweb.com\/dynamic\/modules\/news\/images\/gen\/Ely\/DDKA-NAIF4.jpeg\" alt=\"\"\/><\/figure>\n\n\n\n<figure class=\"wp-block-image\"><img decoding=\"async\" src=\"http:\/\/images.seneweb.com\/dynamic\/modules\/news\/images\/gen\/Ely\/DDKA-NAIF5.jpeg\" alt=\"\"\/><\/figure>\n\n\n\n<figure class=\"wp-block-image\"><img decoding=\"async\" src=\"http:\/\/images.seneweb.com\/dynamic\/modules\/news\/images\/gen\/Ely\/DDKA-NAIF6.jpeg\" alt=\"\"\/><\/figure>\n\n\n\n<figure class=\"wp-block-image\"><img decoding=\"async\" src=\"http:\/\/images.seneweb.com\/dynamic\/modules\/news\/images\/gen\/Ely\/DDKA-NAIF7.jpeg\" alt=\"\"\/><\/figure>\n\n\n\n<figure class=\"wp-block-image\"><img decoding=\"async\" src=\"http:\/\/images.seneweb.com\/dynamic\/modules\/news\/images\/gen\/Ely\/DDKA-NAIF8.jpg\" alt=\"\"\/><\/figure>\n\n\n\n<figure class=\"wp-block-image\"><img decoding=\"async\" src=\"http:\/\/images.seneweb.com\/dynamic\/modules\/news\/images\/gen\/Ely\/DDKA-NAIF9.jpg\" alt=\"\"\/><\/figure>\n\n\n\n<figure class=\"wp-block-image\"><img decoding=\"async\" src=\"http:\/\/images.seneweb.com\/dynamic\/modules\/news\/images\/gen\/Ely\/DDKA-NAIF10.jpg\" alt=\"\"\/><\/figure>\n\n\n\n<p>Source &#8211; seneweb<\/p>\n","protected":false},"excerpt":{"rendered":"<p>Le S\u00e9n\u00e9gal a franchi un pas significatif dans le d\u00e9veloppement de son secteur du transport a\u00e9rien en \u00e9tablissant un partenariat<\/p>\n","protected":false},"author":1,"featured_media":14629,"comment_status":"open","ping_status":"open","sticky":false,"template":"","format":"standard","meta":{"footnotes":""},"categories":[21],"tags":[],"class_list":["post-14627","post","type-post","status-publish","format-standard","has-post-thumbnail","hentry","category-societe"],"_links":{"self":[{"href":"https:\/\/dekkbi.com\/index.php?rest_route=\/wp\/v2\/posts\/14627","targetHints":{"allow":["GET"]}}],"collection":[{"href":"https:\/\/dekkbi.com\/index.php?rest_route=\/wp\/v2\/posts"}],"about":[{"href":"https:\/\/dekkbi.com\/index.php?rest_route=\/wp\/v2\/types\/post"}],"author":[{"embeddable":true,"href":"https:\/\/dekkbi.com\/index.php?rest_route=\/wp\/v2\/users\/1"}],"replies":[{"embeddable":true,"href":"https:\/\/dekkbi.com\/index.php?rest_route=%2Fwp%2Fv2%2Fcomments&post=14627"}],"version-history":[{"count":1,"href":"https:\/\/dekkbi.com\/index.php?rest_route=\/wp\/v2\/posts\/14627\/revisions"}],"predecessor-version":[{"id":14630,"href":"https:\/\/dekkbi.com\/index.php?rest_route=\/wp\/v2\/posts\/14627\/revisions\/14630"}],"wp:featuredmedia":[{"embeddable":true,"href":"https:\/\/dekkbi.com\/index.php?rest_route=\/wp\/v2\/media\/14629"}],"wp:attachment":[{"href":"https:\/\/dekkbi.com\/index.php?rest_route=%2Fwp%2Fv2%2Fmedia&parent=14627"}],"wp:term":[{"taxonomy":"category","embeddable":true,"href":"https:\/\/dekkbi.com\/index.php?rest_route=%2Fwp%2Fv2%2Fcategories&post=14627"},{"taxonomy":"post_tag","embeddable":true,"href":"https:\/\/dekkbi.com\/index.php?rest_route=%2Fwp%2Fv2%2Ftags&post=14627"}],"curies":[{"name":"wp","href":"https:\/\/api.w.org\/{rel}","templated":true}]}}