{"id":14614,"date":"2023-06-21T15:25:21","date_gmt":"2023-06-21T15:25:21","guid":{"rendered":"https:\/\/dekkbi.com\/?p=14614"},"modified":"2023-06-21T15:25:22","modified_gmt":"2023-06-21T15:25:22","slug":"assimi-goita-mahmoud-dicko-un-clash-manque","status":"publish","type":"post","link":"https:\/\/dekkbi.com\/?p=14614","title":{"rendered":"Assimi Goita \u2013Mahmoud Dicko : un clash manqu\u00e9"},"content":{"rendered":"\n<p>Au Mali, l\u2019imam Mahmoud Dicko n\u2019est pas un griot de la junte au pouvoir. Le leader religieux a conserv\u00e9 sa libert\u00e9 de ton et critique comme bon lui semble les militaires. En 2022, il leur reprochait leur arrogance.&nbsp;<\/p>\n\n\n\n<p>Aujourd\u2019hui, c\u2019est plut\u00f4t les \u00ab\u00a0travers\u00a0\u00bb de la junte et la la\u00efcit\u00e9 que pr\u00f4ne le projet de constitution qui l\u2019horripilent. L\u2019imam trouve que cette la\u00efcit\u00e9 est radicale et menace l\u2019islam. C\u2019est au nom de cette la\u00efcit\u00e9 que le Coran est pi\u00e9tin\u00e9 et que Allah et son proph\u00e8te sont profan\u00e9s. estime-t-il.<\/p>\n\n\n\n<p><strong>\u00ab Je ne collabore jamais avec des gens qui ont confisqu\u00e9 la lutte du peuple \u00bb<\/strong><br>Mahmoud Dicko a tout naturellement battu campagne pour le&nbsp; \u00ab\u00a0Non\u00a0\u00bb lors du r\u00e9f\u00e9rendum constitutionnel. Au sommet de l\u2019Etat , on ne r\u00e9agit pas aux discours&nbsp; enflamm\u00e9s du religieux sur le sujet, m\u00eame quand il d\u00e9cide de s\u2019en prendre \u00e0 Assimi Goita et aux&nbsp; colonels au pouvoir.&nbsp;<br>En effet, lors du meeting organis\u00e9 par la Ligue malienne des Imams (LIMAMA) vendredi dernier, Mahmoud Dicko a accus\u00e9 la junte de \u00ab b\u00e2illonner \u00bb le peuple. \u00ab Je ne collabore jamais avec des gens qui ont confisqu\u00e9 la lutte du peuple, et qui sont en train de b\u00e2illonner ce m\u00eame peuple\u2026Dans notre pays aujourd\u2019hui , peut-on parler de justice, de d\u00e9mocratie, de droit de l\u2019homme ? \u00bb s\u2019est interrog\u00e9 l\u2019imam.<\/p>\n\n\n\n<p><strong>\u00ab Assimi Go\u00efta a-t-il d\u00e9cid\u00e9 de l\u2019ignorer ? \u00bb<\/strong><br>Il d\u00e9nonce des pratiques comme le n\u00e9potisme, le client\u00e9lisme et la corruption qui d\u2019apr\u00e8s lui, ont toujours pignon sur rue dans le pays. La justice est utilis\u00e9e pour r\u00e9primer les voix dissidentes, condamne \u00e9galement le religieux qui jouit pourtant de sa libert\u00e9, malgr\u00e9 ses critiques \u00e0 l\u2019\u00e9gard du r\u00e9gime.\u00a0<br>Assimi Go\u00efta a-t-il d\u00e9cid\u00e9 de l\u2019ignorer ? Ou tout simplement les colonels au pouvoir pr\u00e9f\u00e8rent lui laisser sa libert\u00e9 de ton, du moment o\u00f9 ses critiques n\u2019ont pas une grande incidence sur leur gouvernance. En tout cas, le clash entre Assimi Goita et l\u2019imam n\u2019a pas eu lieu, jusqu\u2019au r\u00e9f\u00e9rendum constitutionnel. Une victoire du \u00ab Oui \u00bb serait d\u00e9j\u00e0 un v\u00e9ritable camouflet pour Mahmoud Dicko.<\/p>\n\n\n\n<p>Source &#8211; seneweb<\/p>\n","protected":false},"excerpt":{"rendered":"<p>Au Mali, l\u2019imam Mahmoud Dicko n\u2019est pas un griot de la junte au pouvoir. Le leader religieux a conserv\u00e9 sa<\/p>\n","protected":false},"author":1,"featured_media":14615,"comment_status":"open","ping_status":"open","sticky":false,"template":"","format":"standard","meta":{"footnotes":""},"categories":[51],"tags":[],"class_list":["post-14614","post","type-post","status-publish","format-standard","has-post-thumbnail","hentry","category-general"],"_links":{"self":[{"href":"https:\/\/dekkbi.com\/index.php?rest_route=\/wp\/v2\/posts\/14614","targetHints":{"allow":["GET"]}}],"collection":[{"href":"https:\/\/dekkbi.com\/index.php?rest_route=\/wp\/v2\/posts"}],"about":[{"href":"https:\/\/dekkbi.com\/index.php?rest_route=\/wp\/v2\/types\/post"}],"author":[{"embeddable":true,"href":"https:\/\/dekkbi.com\/index.php?rest_route=\/wp\/v2\/users\/1"}],"replies":[{"embeddable":true,"href":"https:\/\/dekkbi.com\/index.php?rest_route=%2Fwp%2Fv2%2Fcomments&post=14614"}],"version-history":[{"count":1,"href":"https:\/\/dekkbi.com\/index.php?rest_route=\/wp\/v2\/posts\/14614\/revisions"}],"predecessor-version":[{"id":14616,"href":"https:\/\/dekkbi.com\/index.php?rest_route=\/wp\/v2\/posts\/14614\/revisions\/14616"}],"wp:featuredmedia":[{"embeddable":true,"href":"https:\/\/dekkbi.com\/index.php?rest_route=\/wp\/v2\/media\/14615"}],"wp:attachment":[{"href":"https:\/\/dekkbi.com\/index.php?rest_route=%2Fwp%2Fv2%2Fmedia&parent=14614"}],"wp:term":[{"taxonomy":"category","embeddable":true,"href":"https:\/\/dekkbi.com\/index.php?rest_route=%2Fwp%2Fv2%2Fcategories&post=14614"},{"taxonomy":"post_tag","embeddable":true,"href":"https:\/\/dekkbi.com\/index.php?rest_route=%2Fwp%2Fv2%2Ftags&post=14614"}],"curies":[{"name":"wp","href":"https:\/\/api.w.org\/{rel}","templated":true}]}}