{"id":14606,"date":"2023-06-21T15:04:47","date_gmt":"2023-06-21T15:04:47","guid":{"rendered":"https:\/\/dekkbi.com\/?p=14606"},"modified":"2023-06-21T15:04:48","modified_gmt":"2023-06-21T15:04:48","slug":"mbacke-junior-cisse-lo-place-sous-mandat-de-depot","status":"publish","type":"post","link":"https:\/\/dekkbi.com\/?p=14606","title":{"rendered":"Mback\u00e9 : Junior Ciss\u00e9 L\u00f4 plac\u00e9 sous mandat de d\u00e9p\u00f4t"},"content":{"rendered":"\n<p>Plac\u00e9 en garde \u00e0 vue hier au commissariat sp\u00e9cial de Touba, Moustapha Mback\u00e9 L\u00f4 dit \u00ab\u00a0Junior\u00a0\u00bb a \u00e9t\u00e9 pr\u00e9sent\u00e9 ce matin vers 11 h au d\u00e9l\u00e9gu\u00e9 du procureur pr\u00e8s le tribunal d&rsquo;instance de Mback\u00e9.<br>Le fils de Moustapha Ciss\u00e9 L\u00f4 a \u00e9t\u00e9 ensuite plac\u00e9 sous mandat de d\u00e9p\u00f4t, \u00e0 l&rsquo;issue de son face-\u00e0-face avec le procureur S. O. Diallo, pour coups et blessures volontaires (CBV), menace de violence et de voie de fait, selon des sources de Seneweb.<br>Envoy\u00e9 \u00e0 la maison d\u2019arr\u00eat et de correction de Mback\u00e9, Junior L\u00f4 sera jug\u00e9 le jeudi 6 juillet prochain.<br>Pour rappel, le fils de Moustapha Ciss\u00e9 L\u00f4 a \u00e9t\u00e9 arr\u00eat\u00e9 hier, suite \u00e0 la plainte de l&rsquo;ancien membre du parti Rewmi Moustapha Messere. Ce dernier accuse Junior L\u00f4 de l&rsquo;avoir agress\u00e9 au quartier 28 de Touba.<\/p>\n\n\n\n<p><\/p>\n","protected":false},"excerpt":{"rendered":"<p>Plac\u00e9 en garde \u00e0 vue hier au commissariat sp\u00e9cial de Touba, Moustapha Mback\u00e9 L\u00f4 dit \u00ab\u00a0Junior\u00a0\u00bb a \u00e9t\u00e9 pr\u00e9sent\u00e9 ce<\/p>\n","protected":false},"author":1,"featured_media":14607,"comment_status":"open","ping_status":"open","sticky":false,"template":"","format":"standard","meta":{"footnotes":""},"categories":[26],"tags":[],"class_list":["post-14606","post","type-post","status-publish","format-standard","has-post-thumbnail","hentry","category-fait-divers"],"_links":{"self":[{"href":"https:\/\/dekkbi.com\/index.php?rest_route=\/wp\/v2\/posts\/14606","targetHints":{"allow":["GET"]}}],"collection":[{"href":"https:\/\/dekkbi.com\/index.php?rest_route=\/wp\/v2\/posts"}],"about":[{"href":"https:\/\/dekkbi.com\/index.php?rest_route=\/wp\/v2\/types\/post"}],"author":[{"embeddable":true,"href":"https:\/\/dekkbi.com\/index.php?rest_route=\/wp\/v2\/users\/1"}],"replies":[{"embeddable":true,"href":"https:\/\/dekkbi.com\/index.php?rest_route=%2Fwp%2Fv2%2Fcomments&post=14606"}],"version-history":[{"count":1,"href":"https:\/\/dekkbi.com\/index.php?rest_route=\/wp\/v2\/posts\/14606\/revisions"}],"predecessor-version":[{"id":14608,"href":"https:\/\/dekkbi.com\/index.php?rest_route=\/wp\/v2\/posts\/14606\/revisions\/14608"}],"wp:featuredmedia":[{"embeddable":true,"href":"https:\/\/dekkbi.com\/index.php?rest_route=\/wp\/v2\/media\/14607"}],"wp:attachment":[{"href":"https:\/\/dekkbi.com\/index.php?rest_route=%2Fwp%2Fv2%2Fmedia&parent=14606"}],"wp:term":[{"taxonomy":"category","embeddable":true,"href":"https:\/\/dekkbi.com\/index.php?rest_route=%2Fwp%2Fv2%2Fcategories&post=14606"},{"taxonomy":"post_tag","embeddable":true,"href":"https:\/\/dekkbi.com\/index.php?rest_route=%2Fwp%2Fv2%2Ftags&post=14606"}],"curies":[{"name":"wp","href":"https:\/\/api.w.org\/{rel}","templated":true}]}}