{"id":14575,"date":"2023-06-21T11:58:06","date_gmt":"2023-06-21T11:58:06","guid":{"rendered":"https:\/\/dekkbi.com\/?p=14575"},"modified":"2023-06-21T11:58:07","modified_gmt":"2023-06-21T11:58:07","slug":"en-afrique-de-plus-en-plus-de-deplaces-internes-en-raison-des-conflits-et-du-climat","status":"publish","type":"post","link":"https:\/\/dekkbi.com\/?p=14575","title":{"rendered":"En Afrique, de plus en plus de d\u00e9plac\u00e9s internes en raison des conflits et du climat"},"content":{"rendered":"\n<p>Pour la fin de l&rsquo;ann\u00e9e 2022, le Haut Commissariat des Nations unies pour les r\u00e9fugi\u00e9s a d\u00e9nombr\u00e9 plus de 108 millions de personnes forc\u00e9es de fuir leur domicile dans le monde. C&rsquo;est presque 20 millions de plus qu\u2019en 2021, mais c&rsquo;est surtout la hausse la plus forte jamais enregistr\u00e9e. En Afrique subsaharienne, on atteint l\u00e0 encore des chiffres record. Avec 7 millions de personnes, le nombre de r\u00e9fugi\u00e9s sur le continent n&rsquo;a que tr\u00e8s peu augment\u00e9 en 2022&#8230;<\/p>\n\n\n\n<p>Rien qu&rsquo;au Soudan, la guerre qui a \u00e9clat\u00e9 il y a deux mois a provoqu\u00e9 le d\u00e9placement forc\u00e9 de plus de 1,7 million d&rsquo;habitants \u00e0 l&rsquo;int\u00e9rieur du pays, selon le HCR. 500 000 personnes suppl\u00e9mentaires ont fui le pays pour trouver refuge dans les pays limitrophes.<\/p>\n\n\n\n<p>L&rsquo;ins\u00e9curit\u00e9 et les conflits sont aussi responsables de l&rsquo;augmentation des d\u00e9plac\u00e9s en Afrique centrale. La R\u00e9publique d\u00e9mocratique du Congo compte \u00e0 elle seule 44 % des d\u00e9plac\u00e9s subsahariens. La faute est en majeure partie attribu\u00e9e aux groupes arm\u00e9s dans l&rsquo;est du pays, avec notamment la r\u00e9surgence du M23.<\/p>\n\n\n\n<p>En Afrique de l&rsquo;Ouest, la situation dans le Sahel pousse les victimes vers les pays voisins du golfe de Guin\u00e9e, tels que la C\u00f4te d&rsquo;Ivoire, qui accueille sur son sol plus de 27 000 r\u00e9fugi\u00e9s burkinab\u00e8, fuyant les violences jihadistes.<\/p>\n\n\n\n<p>Le facteur climatique accentue \u00e9galement les crises. En 2022, la Corne de l\u2019Afrique a connu la plus grave s\u00e9cheresse de son histoire, ce qui a conduit \u00e0 deux millions de d\u00e9plac\u00e9s en plus dans la r\u00e9gion. \u00c0 l&rsquo;inverse, les inondations ont aussi touch\u00e9 des populations d\u00e9j\u00e0 d\u00e9plac\u00e9es. Avec deux millions de personnes, le Nigeria a battu son record, tout comme au Tchad qui a connu les pires inondations depuis 30 ans.<\/p>\n\n\n\n<p>Une situation d&rsquo;autant plus alarmante que les financements pour l&rsquo;aide humanitaire se r\u00e9duisent de plus en plus. Une situation due \u00e0 la guerre en Ukraine qui recueille le plus de dons, mais surtout au d\u00e9sint\u00e9r\u00eat pour les crises se produisant en Afrique, selon le HCR.<\/p>\n\n\n\n<p>Ce qui rend notre travail rend de plus en plus difficile, c&rsquo;est que la plupart des crises en Afrique sont oubli\u00e9es dans la plupart des m\u00e9dias et \u00e7a n&rsquo;attire pas l&rsquo;attention des donateurs. L&rsquo;ann\u00e9e derni\u00e8re, on a \u00e9t\u00e9 oblig\u00e9 de faire un appel de don tr\u00e8s fort \u00e0 la fin de l&rsquo;ann\u00e9e, parce que l&rsquo;on n&rsquo;arrivait pas avoir de dons suffisants pour couvrir les besoins. Et cette ann\u00e9e, on se retrouve dans une situation similaire.<\/p>\n\n\n\n<p>Source &#8211; RFI<\/p>\n","protected":false},"excerpt":{"rendered":"<p>Pour la fin de l&rsquo;ann\u00e9e 2022, le Haut Commissariat des Nations unies pour les r\u00e9fugi\u00e9s a d\u00e9nombr\u00e9 plus de 108<\/p>\n","protected":false},"author":1,"featured_media":14576,"comment_status":"open","ping_status":"open","sticky":false,"template":"","format":"standard","meta":{"footnotes":""},"categories":[51],"tags":[],"class_list":["post-14575","post","type-post","status-publish","format-standard","has-post-thumbnail","hentry","category-general"],"_links":{"self":[{"href":"https:\/\/dekkbi.com\/index.php?rest_route=\/wp\/v2\/posts\/14575","targetHints":{"allow":["GET"]}}],"collection":[{"href":"https:\/\/dekkbi.com\/index.php?rest_route=\/wp\/v2\/posts"}],"about":[{"href":"https:\/\/dekkbi.com\/index.php?rest_route=\/wp\/v2\/types\/post"}],"author":[{"embeddable":true,"href":"https:\/\/dekkbi.com\/index.php?rest_route=\/wp\/v2\/users\/1"}],"replies":[{"embeddable":true,"href":"https:\/\/dekkbi.com\/index.php?rest_route=%2Fwp%2Fv2%2Fcomments&post=14575"}],"version-history":[{"count":1,"href":"https:\/\/dekkbi.com\/index.php?rest_route=\/wp\/v2\/posts\/14575\/revisions"}],"predecessor-version":[{"id":14577,"href":"https:\/\/dekkbi.com\/index.php?rest_route=\/wp\/v2\/posts\/14575\/revisions\/14577"}],"wp:featuredmedia":[{"embeddable":true,"href":"https:\/\/dekkbi.com\/index.php?rest_route=\/wp\/v2\/media\/14576"}],"wp:attachment":[{"href":"https:\/\/dekkbi.com\/index.php?rest_route=%2Fwp%2Fv2%2Fmedia&parent=14575"}],"wp:term":[{"taxonomy":"category","embeddable":true,"href":"https:\/\/dekkbi.com\/index.php?rest_route=%2Fwp%2Fv2%2Fcategories&post=14575"},{"taxonomy":"post_tag","embeddable":true,"href":"https:\/\/dekkbi.com\/index.php?rest_route=%2Fwp%2Fv2%2Ftags&post=14575"}],"curies":[{"name":"wp","href":"https:\/\/api.w.org\/{rel}","templated":true}]}}