{"id":14537,"date":"2023-06-21T10:06:55","date_gmt":"2023-06-21T10:06:55","guid":{"rendered":"https:\/\/dekkbi.com\/?p=14537"},"modified":"2023-06-21T10:06:56","modified_gmt":"2023-06-21T10:06:56","slug":"arona-sarr-ministere-de-la-justice-lattitude-de-me-ngagne-demba-toure-est-inadmissible-dans-un-etat-de-droit","status":"publish","type":"post","link":"https:\/\/dekkbi.com\/?p=14537","title":{"rendered":"Arona Sarr, Minist\u00e8re de la Justice : \u00abL\u2019attitude de Me Ngagne Demba Tour\u00e9 est inadmissible dans un \u00c9tat de droit\u00bb"},"content":{"rendered":"\n<p><strong>Directeur de la Promotion de la Bonne Gouvernance au minist\u00e8re de la Justice et pr\u00e9sident du mouvement Conscience Citoyenne, Arona Sarr estime que l\u2019affectation de Me Ngagne Demba Tour\u00e9 \u00e0 Matam est \u00e0 inscrire dans le cadre du fonctionnement normal de l\u2019administration. Disant apporter des pr\u00e9cisions afin que nul n\u2019en ignore, Arona Sarr d\u00e9nonce ce qu\u2019il qualifie de \u00ab discours irresponsable, infond\u00e9 et d\u00e9nu\u00e9 d\u2019\u00e9thique \u00bb.<\/strong><\/p>\n\n\n\n<p>De son point de vue, il faut respecter le principe de mobilit\u00e9 dans la Fonction publique. \u00ab Peut-on se r\u00e9clamer \u00ab\u00a0Patriote\u00a0\u00bb et refuser de servir l&rsquo;\u00c9tat m\u00eame si c\u2019est \u00e0 des centaines de kilom\u00e8tres ?<\/p>\n\n\n\n<p>Apr\u00e8s avoir accept\u00e9 d&rsquo;\u00eatre fonctionnaire, on a accept\u00e9 de servir l&rsquo;\u00c9tat partout o\u00f9 le besoin se fait sentir. On ne peut vouloir une chose et son contraire. Un auxiliaire de justice, qui vient de finir sa formation, mut\u00e9 dans une r\u00e9gion du territoire national et cela fait jaser alors que durant toute l&rsquo;ann\u00e9e, des autorit\u00e9s du commandement territorial sont r\u00e9guli\u00e8rement affect\u00e9es, d\u2019une partie \u00e0 l&rsquo;autre du pays, sans tambour ni trompette \u00bb, assure le directeur de la Promotion de la Bonne gouvernance au minist\u00e8re de la Justice.<\/p>\n\n\n\n<p>Laissant entendre qu\u2019il est inadmissible, dans un \u00c9tat de droit, que des fonctionnaires contestent de telles d\u00e9cisions, il recadre Me Ngagne Demba Tour\u00e9.<\/p>\n\n\n\n<p>\u00ab Le greffier Ngagne Demba Tour\u00e9, suite \u00e0 un mouvement d&rsquo;agents de l&rsquo;\u00c9tat, s\u2019autorise \u00e0 travers un communiqu\u00e9 arrogant, pr\u00e9tentieux et dangereusement partisan, au m\u00e9pris de l&rsquo;obligation de respect \u00e0 laquelle il est astreint, \u00e0 publier un communiqu\u00e9 au vitriol contre sa hi\u00e9rarchie.<\/p>\n\n\n\n<p>Il a vers\u00e9 son venin et sa haine visc\u00e9rale sur le Garde des Sceaux, ministre de la Justice, qu&rsquo;il a trait\u00e9 de tous les noms. Cela est inadmissible dans un \u00c9tat de droit et nous le d\u00e9non\u00e7ons vigoureusement \u00bb, d\u00e9plore Arona Sarr<br>Source &#8211; Tribune<\/p>\n","protected":false},"excerpt":{"rendered":"<p>Directeur de la Promotion de la Bonne Gouvernance au minist\u00e8re de la Justice et pr\u00e9sident du mouvement Conscience Citoyenne, Arona<\/p>\n","protected":false},"author":1,"featured_media":14538,"comment_status":"open","ping_status":"open","sticky":false,"template":"","format":"standard","meta":{"footnotes":""},"categories":[6],"tags":[],"class_list":["post-14537","post","type-post","status-publish","format-standard","has-post-thumbnail","hentry","category-politics"],"_links":{"self":[{"href":"https:\/\/dekkbi.com\/index.php?rest_route=\/wp\/v2\/posts\/14537","targetHints":{"allow":["GET"]}}],"collection":[{"href":"https:\/\/dekkbi.com\/index.php?rest_route=\/wp\/v2\/posts"}],"about":[{"href":"https:\/\/dekkbi.com\/index.php?rest_route=\/wp\/v2\/types\/post"}],"author":[{"embeddable":true,"href":"https:\/\/dekkbi.com\/index.php?rest_route=\/wp\/v2\/users\/1"}],"replies":[{"embeddable":true,"href":"https:\/\/dekkbi.com\/index.php?rest_route=%2Fwp%2Fv2%2Fcomments&post=14537"}],"version-history":[{"count":1,"href":"https:\/\/dekkbi.com\/index.php?rest_route=\/wp\/v2\/posts\/14537\/revisions"}],"predecessor-version":[{"id":14539,"href":"https:\/\/dekkbi.com\/index.php?rest_route=\/wp\/v2\/posts\/14537\/revisions\/14539"}],"wp:featuredmedia":[{"embeddable":true,"href":"https:\/\/dekkbi.com\/index.php?rest_route=\/wp\/v2\/media\/14538"}],"wp:attachment":[{"href":"https:\/\/dekkbi.com\/index.php?rest_route=%2Fwp%2Fv2%2Fmedia&parent=14537"}],"wp:term":[{"taxonomy":"category","embeddable":true,"href":"https:\/\/dekkbi.com\/index.php?rest_route=%2Fwp%2Fv2%2Fcategories&post=14537"},{"taxonomy":"post_tag","embeddable":true,"href":"https:\/\/dekkbi.com\/index.php?rest_route=%2Fwp%2Fv2%2Ftags&post=14537"}],"curies":[{"name":"wp","href":"https:\/\/api.w.org\/{rel}","templated":true}]}}