{"id":14534,"date":"2023-06-21T10:02:01","date_gmt":"2023-06-21T10:02:01","guid":{"rendered":"https:\/\/dekkbi.com\/?p=14534"},"modified":"2023-06-21T10:02:02","modified_gmt":"2023-06-21T10:02:02","slug":"mikayil-faye-au-fc-barcelone-ce-gamin-coute-desormais-261-milliards-fcfa","status":"publish","type":"post","link":"https:\/\/dekkbi.com\/?p=14534","title":{"rendered":"Mikayil Faye au FC Barcelone. : ce \u00ab gamin \u00bb co\u00fbte d\u00e9sormais 261 milliards FCFA"},"content":{"rendered":"\n<p>Le d\u00e9fenseur s\u00e9n\u00e9galais Mikayil Ngor Faye (18 ans) a sign\u00e9 un contrat de 4 ans avec le FC Barcelone. Tr\u00e8s prometteur, il avoue avoir rejoint le club de ses r\u00eaves et compte \u00e0 terme s\u2019imposer dans l\u2019\u00e9quipe premi\u00e8re dirig\u00e9e par Xavi.<\/p>\n\n\n\n<p>Depuis quelques jours, les informations \u00e9taient insistantes sur une arriv\u00e9e du d\u00e9fenseur s\u00e9n\u00e9galais en Catalogne. C\u2019est maintenant officiel, Mikayil Ngor Faye est un joueur du FC Barcelone. Le natif de S\u00e9dhiou (Sud du S\u00e9n\u00e9gal) a s\u00e9duit les dirigeants catalans en seulement 4 mois. Arriv\u00e9 en Croatie au mois de f\u00e9vrier 2023, il ne met pas de temps \u00e0 per-former et \u00e0 s\u2019imposer comme la r\u00e9v\u00e9lation de NK Kustosija Zagreb.<\/p>\n\n\n\n<p>Suffisant pour le Bar\u00e7a de trouver un accord avec le club croate avec une indemnit\u00e9 de transfert de 5 millions d\u2019euros. \u00abLe FC Barcelone et le NK Kustosija Zagreb ont trouv\u00e9 un accord concernant le transfert du joueur Mikayil Ngor Faye. Le d\u00e9fenseur s\u00e9n\u00e9galais signe pour quatre saisons, jusqu\u2019au 30 juin 2027 et sa clause lib\u00e9ratoire s\u2019\u00e9l\u00e8ve \u00e0 400 millions d\u2019euros (261,3 milliards FCFA)\u00bb, peut-on lire dans le communiqu\u00e9 du Bar\u00e7a ce lundi 19 juin.<\/p>\n\n\n\n<p>Puissant, dur sur l\u2019homme, dot\u00e9 d\u2019une tr\u00e8s bonne vision de jeu et d\u2019une technique remarquable, il a les pr\u00e9dispositions d\u2019un futur grand d\u00e9fenseur. Lors de la Coupe du monde des moins de 17 ans en 2019, il avait d\u00e9j\u00e0 impressionn\u00e9 sous les ordres de Malick Daf par sa maturit\u00e9 sur le plan physique et technique alors qu\u2019il n\u2019avait que 15 ans.<\/p>\n\n\n\n<p>Alors qu\u2019il \u00e9tait promis \u00e0 enfiler le maillot de l\u2019Olympique de Marseille pour imiter Bamba Dieng parti un an plut\u00f4t de Diambars, le d\u00e9fenseur s\u00e9n\u00e9galais adopte une autre trajectoire.<\/p>\n\n\n\n<p>Plus aucune nouvelle, plus aucune trace de Mikayil Faye pendant plus d\u2019une saison. En r\u00e9alit\u00e9, le petit prodige suit son oncle au Nig\u00e9ria puis en Belgique avant d\u2019atterrir en Croatie o\u00f9 il r\u00e9apparait devant le grand public.<br>Le Bar\u00e7a, son club de coeur<\/p>\n\n\n\n<p>Apr\u00e8s 14 matchs avec NK Kustosija Zagreb, Mikayil Ngor Faye d\u00e9barque dans le club de son c\u0153ur. En effet, depuis son enfance, il a toujours \u00e9t\u00e9 un grand fan du Bar\u00e7a.<\/p>\n\n\n\n<p>\u00abJe suis extr\u00eamement heureux, car je r\u00e9alise mon r\u00eave d\u2019enfant. C\u2019est un immense bonheur d\u2019\u00eatre ici. J\u2019ai toujours r\u00eav\u00e9 de jouer au Bar\u00e7a, j\u2019avais des photos de cette \u00e9quipe accroch\u00e9es dans ma chambre. Dans ma t\u00eate, il n\u2019y avait que le Bar\u00e7a.<\/p>\n\n\n\n<p>Depuis mon plus jeune \u00e2ge, j\u2019ai toujours nourri le r\u00eave de jouer en Espagne, particuli\u00e8rement au Bar\u00e7a\u00bb, a r\u00e9v\u00e9l\u00e9 Mikayil Ngor Faye. Apr\u00e8s les \u00e9checs de ses compatriotes, Moussa Wagu\u00e9 et Moussa Ndiaye au Bar\u00e7a, le jeune prometteur est d\u00e9termin\u00e9 \u00e0 rapidement de se faire une place dans l\u2019\u00e9quipe r\u00e9serve avant de rejoindre l\u2019\u00e9quipe premi\u00e8re dirig\u00e9e par Xavi. \u00abJe donnerai tout sur le terrain, pour ce club qui me fait confiance. J\u2019aime beaucoup jouer dans l\u2019axe de la d\u00e9fense, c\u2019est ma position pr\u00e9f\u00e9rentielle. Je suivais beaucoup de joueurs du Bar\u00e7a, comme (Ronald) Araujo, Piqu\u00e9, Mascherano. Mon idole, c\u2019\u00e9tait Mascherano, parce qu\u2019il \u00e9tait rigoureux et mentalement fort\u00bb, confie le joueur de 18 ans.<\/p>\n\n\n\n<p>Source &#8211; Sportnewsafrica<\/p>\n","protected":false},"excerpt":{"rendered":"<p>Le d\u00e9fenseur s\u00e9n\u00e9galais Mikayil Ngor Faye (18 ans) a sign\u00e9 un contrat de 4 ans avec le FC Barcelone. Tr\u00e8s<\/p>\n","protected":false},"author":1,"featured_media":14535,"comment_status":"open","ping_status":"open","sticky":false,"template":"","format":"standard","meta":{"footnotes":""},"categories":[9],"tags":[],"class_list":["post-14534","post","type-post","status-publish","format-standard","has-post-thumbnail","hentry","category-sports"],"_links":{"self":[{"href":"https:\/\/dekkbi.com\/index.php?rest_route=\/wp\/v2\/posts\/14534","targetHints":{"allow":["GET"]}}],"collection":[{"href":"https:\/\/dekkbi.com\/index.php?rest_route=\/wp\/v2\/posts"}],"about":[{"href":"https:\/\/dekkbi.com\/index.php?rest_route=\/wp\/v2\/types\/post"}],"author":[{"embeddable":true,"href":"https:\/\/dekkbi.com\/index.php?rest_route=\/wp\/v2\/users\/1"}],"replies":[{"embeddable":true,"href":"https:\/\/dekkbi.com\/index.php?rest_route=%2Fwp%2Fv2%2Fcomments&post=14534"}],"version-history":[{"count":1,"href":"https:\/\/dekkbi.com\/index.php?rest_route=\/wp\/v2\/posts\/14534\/revisions"}],"predecessor-version":[{"id":14536,"href":"https:\/\/dekkbi.com\/index.php?rest_route=\/wp\/v2\/posts\/14534\/revisions\/14536"}],"wp:featuredmedia":[{"embeddable":true,"href":"https:\/\/dekkbi.com\/index.php?rest_route=\/wp\/v2\/media\/14535"}],"wp:attachment":[{"href":"https:\/\/dekkbi.com\/index.php?rest_route=%2Fwp%2Fv2%2Fmedia&parent=14534"}],"wp:term":[{"taxonomy":"category","embeddable":true,"href":"https:\/\/dekkbi.com\/index.php?rest_route=%2Fwp%2Fv2%2Fcategories&post=14534"},{"taxonomy":"post_tag","embeddable":true,"href":"https:\/\/dekkbi.com\/index.php?rest_route=%2Fwp%2Fv2%2Ftags&post=14534"}],"curies":[{"name":"wp","href":"https:\/\/api.w.org\/{rel}","templated":true}]}}