{"id":14525,"date":"2023-06-21T09:22:44","date_gmt":"2023-06-21T09:22:44","guid":{"rendered":"https:\/\/dekkbi.com\/?p=14525"},"modified":"2023-06-21T09:22:45","modified_gmt":"2023-06-21T09:22:45","slug":"fete-de-la-musique-une-celebration-placee-sous-le-signe-de-la-sobriete-apres-les-troubles-politiques","status":"publish","type":"post","link":"https:\/\/dekkbi.com\/?p=14525","title":{"rendered":"F\u00eate de la musique : une c\u00e9l\u00e9bration plac\u00e9e sous le signe de la sobri\u00e9t\u00e9, apr\u00e8s les troubles politiques"},"content":{"rendered":"\n<p>Le S\u00e9n\u00e9gal, \u00e0 l\u2019instar de la communaut\u00e9 internationale, va c\u00e9l\u00e9brer mercredi la f\u00eate de la musique,&nbsp; mais dans la \u00ab sobri\u00e9t\u00e9 \u00bb, annonce un communiqu\u00e9 du minist\u00e8re de la Culture et du Patrimoine historique parvenu mardi \u00e0 l\u2019APS.<\/p>\n\n\n\n<p>\u00ab Le S\u00e9n\u00e9gal c\u00e9l\u00e8bre la f\u00eate de la musique, le mercredi 21 juin 2023 sur l\u2019ensemble du territoire dans la sobri\u00e9t\u00e9 \u00bb, indique le communiqu\u00e9.<\/p>\n\n\n\n<p>La c\u00e9r\u00e9monie officielle marquant la c\u00e9l\u00e9bration de la f\u00eate de la musique se tiendra \u00e0 partir de 19 heures au centre culturel r\u00e9gional Blaise Senghor de Dakar.<\/p>\n\n\n\n<p>La directrice des arts Nd\u00e8ye Khoudia Diagne a indiqu\u00e9 dans un entretien t\u00e9l\u00e9phonique avec l\u2019APS que deux raisons justifient cette c\u00e9l\u00e9bration dans la sobri\u00e9t\u00e9.<\/p>\n\n\n\n<p>Il y a d\u2019une part&nbsp; \u00bbla situation, le contexte \u00bb actuel du S\u00e9n\u00e9gal qui a v\u00e9cu de violentes manifestations le 31 mai dernier, les 1er et 2 juin,&nbsp; lesquelles ont entrain\u00e9 16 morts et de nombreux bless\u00e9s, selon un bilan officiel.<\/p>\n\n\n\n<p>La deuxi\u00e8me raison est li\u00e9e \u00e0 la fin du mandat du comit\u00e9 d\u2019organisation de la f\u00eate de la musique dirig\u00e9 par le producteur Ousmane Faye.<\/p>\n\n\n\n<p>\u00ab Il est envisag\u00e9 d\u2019appuyer les centres culturels r\u00e9gionaux pour qu\u2019ils travaillent en partenariat avec les acteurs \u00e0 l\u2019avenir \u00bb, a expliqu\u00e9 la directrice des arts.<\/p>\n\n\n\n<p>La F\u00eate de la musique est c\u00e9l\u00e9br\u00e9e le 21 juin de chaque ann\u00e9e depuis 1982. Elle a \u00e9t\u00e9 institu\u00e9e sous l\u2019\u00e9gide de Jack Lang, ancien ministre fran\u00e7ais de la Culture.<\/p>\n\n\n\n<p>Source &#8211; igfm<\/p>\n","protected":false},"excerpt":{"rendered":"<p>Le S\u00e9n\u00e9gal, \u00e0 l\u2019instar de la communaut\u00e9 internationale, va c\u00e9l\u00e9brer mercredi la f\u00eate de la musique,&nbsp; mais dans la \u00ab<\/p>\n","protected":false},"author":1,"featured_media":14526,"comment_status":"open","ping_status":"open","sticky":false,"template":"","format":"standard","meta":{"footnotes":""},"categories":[21],"tags":[],"class_list":["post-14525","post","type-post","status-publish","format-standard","has-post-thumbnail","hentry","category-societe"],"_links":{"self":[{"href":"https:\/\/dekkbi.com\/index.php?rest_route=\/wp\/v2\/posts\/14525","targetHints":{"allow":["GET"]}}],"collection":[{"href":"https:\/\/dekkbi.com\/index.php?rest_route=\/wp\/v2\/posts"}],"about":[{"href":"https:\/\/dekkbi.com\/index.php?rest_route=\/wp\/v2\/types\/post"}],"author":[{"embeddable":true,"href":"https:\/\/dekkbi.com\/index.php?rest_route=\/wp\/v2\/users\/1"}],"replies":[{"embeddable":true,"href":"https:\/\/dekkbi.com\/index.php?rest_route=%2Fwp%2Fv2%2Fcomments&post=14525"}],"version-history":[{"count":1,"href":"https:\/\/dekkbi.com\/index.php?rest_route=\/wp\/v2\/posts\/14525\/revisions"}],"predecessor-version":[{"id":14527,"href":"https:\/\/dekkbi.com\/index.php?rest_route=\/wp\/v2\/posts\/14525\/revisions\/14527"}],"wp:featuredmedia":[{"embeddable":true,"href":"https:\/\/dekkbi.com\/index.php?rest_route=\/wp\/v2\/media\/14526"}],"wp:attachment":[{"href":"https:\/\/dekkbi.com\/index.php?rest_route=%2Fwp%2Fv2%2Fmedia&parent=14525"}],"wp:term":[{"taxonomy":"category","embeddable":true,"href":"https:\/\/dekkbi.com\/index.php?rest_route=%2Fwp%2Fv2%2Fcategories&post=14525"},{"taxonomy":"post_tag","embeddable":true,"href":"https:\/\/dekkbi.com\/index.php?rest_route=%2Fwp%2Fv2%2Ftags&post=14525"}],"curies":[{"name":"wp","href":"https:\/\/api.w.org\/{rel}","templated":true}]}}