{"id":14476,"date":"2023-06-20T10:32:06","date_gmt":"2023-06-20T10:32:06","guid":{"rendered":"https:\/\/dekkbi.com\/?p=14476"},"modified":"2023-06-20T10:32:08","modified_gmt":"2023-06-20T10:32:08","slug":"la-n-va-en-rajoute-une-couche-sur-hadja-lahbib-la-ministre-deroule-le-tapis-rouge-au-hezbollah","status":"publish","type":"post","link":"https:\/\/dekkbi.com\/?p=14476","title":{"rendered":"La N-VA en rajoute une couche sur Hadja Lahbib: \u201cLa ministre d\u00e9roule le tapis rouge au Hezbollah\u201d"},"content":{"rendered":"\n<p>Le d\u00e9put\u00e9 N-VA Michael Freilich accuse la Belgique d\u2019\u00eatre \u201cune plaque tournante financi\u00e8re\u201d pour le Hezbollah, une organisation terroriste libanaise soutenue par l\u2019Iran. Il pointe la responsabilit\u00e9 de Hadja Lahbib (MR), la ministre des Affaires \u00e9trang\u00e8res,\u00a0emp\u00eatr\u00e9e dans l\u2019affaire des visas accord\u00e9s \u00e0 une d\u00e9l\u00e9gation iranienne dans le cadre de l\u2019Urban Summit. \u201cApr\u00e8s la b\u00e9vue du visa accord\u00e9 au maire de T\u00e9h\u00e9ran, cela d\u00e9montre une nouvelle fois qu\u2019il y a quelque chose qui cloche \u00e0 la boussole g\u00e9opolitique de la ministre\u201d, d\u00e9plore-t-il. Dans une r\u00e9ponse \u00e9crite, l\u2019ancienne journaliste de la RTBF r\u00e9torque que la Belgique n\u2019envisage pas de prendre des mesures suppl\u00e9mentaires.<\/p>\n\n\n\n<p>Le Hezbollah &#8211; Parti de Dieu en arabe &#8211; est un mouvement politique chiite au Liban, mais aussi un groupe terroriste financ\u00e9 par l\u2019Iran qui entretient des liens \u00e9troits avec le r\u00e9gime des mollahs. La branche militaire du Hezbollah figure sur la liste des organisations terroristes de l\u2019Union europ\u00e9enne, ce qui n\u2019est pas le cas de la branche politique. \u00c9tant donn\u00e9 qu\u2019il existe des transferts d\u2019argent entre les branches politique et militaire, une poign\u00e9e de pays europ\u00e9ens, dont les Pays-Bas et l\u2019Allemagne, ont \u00e9galement plac\u00e9 la branche politique sur la liste des organisations terroristes.<\/p>\n\n\n\n<p>En avril dernier, les \u00c9tats-Unis ont sanctionn\u00e9 l\u2019homme d\u2019affaires belgo-libanais Nazem Ahmad, 58 ans, pour ses liens pr\u00e9sum\u00e9s avec le Hezbollah. Dans le collimateur de la justice am\u00e9ricaine depuis 2019, il est reproch\u00e9 au diamantaire et collectionneur d\u2019art de diriger un vaste syst\u00e8me de blanchiment d\u2019argent pour le compte du mouvement paramilitaire. Au Royaume-Uni, o\u00f9 est h\u00e9berg\u00e9e une partie d\u2019une collection, ses avoirs ont \u00e9t\u00e9 gel\u00e9s.<\/p>\n\n\n\n<p>Un deuxi\u00e8me Belge, le diamantaire Murad Bassem, propri\u00e9taire de la soci\u00e9t\u00e9 anversoise MSD, est \u00e9galement soup\u00e7onn\u00e9 de financer l\u2019organisation terroriste.<\/p>\n\n\n\n<p><\/p>\n\n\n\n<blockquote class=\"wp-block-quote is-layout-flow wp-block-quote-is-layout-flow\">\n<p><strong>Michael Freilich, MP (Belgium)<\/strong>&nbsp;@MichaelFreilich<img decoding=\"async\" src=\"https:\/\/statics.7sur7.be\/img\/icons\/twitter-bird-93b4d57f28.svg\"><\/p>\n\n\n\n<p><a href=\"https:\/\/twitter.com\/MichaelFreilich\/statuses\/1671057970325516290\">Vooreerst dit: &lt;a href=\u00a0\u00bbhttps:\/\/twitter.com\/hashtag\/Hezbollah?src=hash&amp;amp;ref_src=twsrc%5Etfw\u00a0\u00bb&gt;#Hezbollah&lt;\/a&gt; is een filiaal van het Iraanse regime. &lt;a href=\u00a0\u00bbhttps:\/\/twitter.com\/hashtag\/Iran?src=hash&amp;amp;ref_src=twsrc%5Etfw\u00a0\u00bb&gt;#Iran&lt;\/a&gt; ondersteunt de Sjiitische terreurorganisatie zowel met kennis als wapens. Daarmee destabiliseert Hezbollah de gehele regio \u00e9n pleegt het wereldwijd aanslagen. 2\/n &lt;a href=\u00a0\u00bbhttps:\/\/t.co\/eNafZFnZhm\u00a0\u00bb&gt;https:\/\/t.co\/eNafZFnZhm&lt;\/a&gt;<\/a><\/p>\n<\/blockquote>\n\n\n\n<h2 class=\"wp-block-heading\">Lahbib: \u201cPas de nouvelles mesures pour l\u2019instant\u201d<\/h2>\n\n\n\n<p>Comme l\u2019aile politique du Hezbollah ne figure pas sur la liste des organisations terroristes de la Belgique, Nazem Ahmad peut toujours faire transiter de l\u2019argent vers le Hezbollah par la Belgique, d\u00e9nonce le d\u00e9put\u00e9 de la N-VA Michael Freilich. \u201cMalgr\u00e9 les sanctions am\u00e9ricaines, ces messieurs peuvent toujours tranquillement verser de l\u2019argent au Hezbollah via notre pays. Il leur suffit de pr\u00e9ciser que les fonds ne peuvent \u00eatre utilis\u00e9s qu\u2019\u00e0 des fins politiques, et il n\u2019y a aucun probl\u00e8mes pour notre pays\u201d, prolonge le d\u00e9put\u00e9 nationaliste. \u201cC\u2019est absurde, nous savons que cet argent sera utilis\u00e9 \u00e0 des fins militaires et terroristes, pour des lance-roquettes ou autres\u201d.<\/p>\n\n\n\n<p>Face \u00e0 cette situation, Michael Freilich a donc demand\u00e9 \u00e0 la ministre des Affaires \u00e9trang\u00e8res Hadja Lahbib (MR) si la Belgique envisageait, \u00e0 l\u2019instar de l\u2019Allemagne ou les Pays-Bas, d\u2019interdire la branche politique du Hezbollah. Il a obtenu une r\u00e9ponse n\u00e9gative. \u201cLa menace du Hebzollah vis-\u00e0-vis de la Belgique ne connait pas une \u00e9volution qui justifierait un changement de notre position nationale. C\u2019est ce qui ressort des consultations entre mon d\u00e9partement et les services de s\u00e9curit\u00e9 et de renseignement de notre pays\u201d, r\u00e9torque la ministre,\u00a0fragilis\u00e9e par l\u2019affaire des visas d\u00e9livr\u00e9s \u00e0 une d\u00e9l\u00e9gation iranienne dans le cadre d\u2019un sommet urbain organis\u00e9 \u00e0 Bruxelles. \u201cLa prise de nouvelles mesures au niveau national n\u2019est, \u00e0 ce stade, pas envisag\u00e9e\u201d.<\/p>\n\n\n\n<p><\/p>\n\n\n\n<blockquote class=\"wp-block-quote is-layout-flow wp-block-quote-is-layout-flow\">\n<p><strong>Michael Freilich, MP (Belgium)<\/strong>&nbsp;@MichaelFreilich<img decoding=\"async\" src=\"https:\/\/statics.7sur7.be\/img\/icons\/twitter-bird-93b4d57f28.svg\"><\/p>\n\n\n\n<p><a href=\"https:\/\/twitter.com\/MichaelFreilich\/statuses\/1671057980094070785\">In haar antwoord zegt Lahbib \u201cNieuwe maatregelen nemen op nationaal niveau, wordt in dit stadium niet overwogen\u201d, omdat, \u201cde dreiging van Hezbollah jegens Belgi\u00eb geen evolutie kent die een wijziging van onze nationale positie zou rechtvaardigen\u201d. 7\/n &lt;a href=\u00a0\u00bbhttps:\/\/t.co\/SeHtvcQ81E\u00a0\u00bb&gt;pic.twitter.com\/SeHtvcQ81E&lt;\/a&gt;<\/a><\/p>\n<\/blockquote>\n\n\n\n<h2 class=\"wp-block-heading\">Freilich: \u201cLahbib tol\u00e8re le Hezbollah dans notre pays\u201d<\/h2>\n\n\n\n<p>Une r\u00e9ponse qui a fait fulminer Michael Freilich et la N-VA. \u201cLe fait que le Hezbollah d\u00e9stabilise le Liban, menace Isra\u00ebl avec 100.000 roquettes et sponsorise le terrorisme mondial semble avoir peu d\u2019importance pour la ministre. Elle semble accepter que notre pays devienne une plaque tournante financi\u00e8re pour le Hezbollah\u201d.<\/p>\n\n\n\n<p>Et de poursuivre: \u201cApr\u00e8s la b\u00e9vue du visa accord\u00e9 au maire de T\u00e9h\u00e9ran, c\u2019est le deuxi\u00e8me incident en peu de temps qui d\u00e9montre qu\u2019il y a quelque chose qui cloche \u00e0 la boussole g\u00e9opolitique de la ministre et qu\u2019elle est na\u00efve\/incomp\u00e9tente par rapport la pr\u00e9sence du Hezbollah sur notre sol. La visite du ministre libanais des Affaires \u00e9trang\u00e8res, Abdallah Bouhabib, la semaine derni\u00e8re, l\u2019a \u00e9galement d\u00e9montr\u00e9. Madame Lahbib l\u2019a officiellement re\u00e7u, bien qu\u2019il se soit r\u00e9cemment prononc\u00e9 contre tout d\u00e9sarmement du groupe terroriste Hezbollah\u201d.<\/p>\n\n\n\n<p>Le d\u00e9put\u00e9 N-VA veut s\u2019attaquer \u00e0 cette organisation terroriste et toutes ses sources de financement qui transitent par la Belgique. \u201cAujourd\u2019hui, on dirait que la Vivaldi et Madame Lahbib lui d\u00e9roulent le tapis rouge. Cela doit cesser\u201d, conclut-il.<\/p>\n","protected":false},"excerpt":{"rendered":"<p>Le d\u00e9put\u00e9 N-VA Michael Freilich accuse la Belgique d\u2019\u00eatre \u201cune plaque tournante financi\u00e8re\u201d pour le Hezbollah, une organisation terroriste libanaise<\/p>\n","protected":false},"author":1,"featured_media":14477,"comment_status":"open","ping_status":"open","sticky":false,"template":"","format":"standard","meta":{"footnotes":""},"categories":[51],"tags":[],"class_list":["post-14476","post","type-post","status-publish","format-standard","has-post-thumbnail","hentry","category-general"],"_links":{"self":[{"href":"https:\/\/dekkbi.com\/index.php?rest_route=\/wp\/v2\/posts\/14476","targetHints":{"allow":["GET"]}}],"collection":[{"href":"https:\/\/dekkbi.com\/index.php?rest_route=\/wp\/v2\/posts"}],"about":[{"href":"https:\/\/dekkbi.com\/index.php?rest_route=\/wp\/v2\/types\/post"}],"author":[{"embeddable":true,"href":"https:\/\/dekkbi.com\/index.php?rest_route=\/wp\/v2\/users\/1"}],"replies":[{"embeddable":true,"href":"https:\/\/dekkbi.com\/index.php?rest_route=%2Fwp%2Fv2%2Fcomments&post=14476"}],"version-history":[{"count":1,"href":"https:\/\/dekkbi.com\/index.php?rest_route=\/wp\/v2\/posts\/14476\/revisions"}],"predecessor-version":[{"id":14478,"href":"https:\/\/dekkbi.com\/index.php?rest_route=\/wp\/v2\/posts\/14476\/revisions\/14478"}],"wp:featuredmedia":[{"embeddable":true,"href":"https:\/\/dekkbi.com\/index.php?rest_route=\/wp\/v2\/media\/14477"}],"wp:attachment":[{"href":"https:\/\/dekkbi.com\/index.php?rest_route=%2Fwp%2Fv2%2Fmedia&parent=14476"}],"wp:term":[{"taxonomy":"category","embeddable":true,"href":"https:\/\/dekkbi.com\/index.php?rest_route=%2Fwp%2Fv2%2Fcategories&post=14476"},{"taxonomy":"post_tag","embeddable":true,"href":"https:\/\/dekkbi.com\/index.php?rest_route=%2Fwp%2Fv2%2Ftags&post=14476"}],"curies":[{"name":"wp","href":"https:\/\/api.w.org\/{rel}","templated":true}]}}