{"id":14473,"date":"2023-06-20T10:28:08","date_gmt":"2023-06-20T10:28:08","guid":{"rendered":"https:\/\/dekkbi.com\/?p=14473"},"modified":"2023-06-20T11:47:01","modified_gmt":"2023-06-20T11:47:01","slug":"refugies-en-europe-quand-des-entreprises-sengagent-a-recruter","status":"publish","type":"post","link":"https:\/\/dekkbi.com\/?p=14473","title":{"rendered":"R\u00e9fugi\u00e9s Europe: quand des entreprises s&rsquo;engagent \u00e0 recruter"},"content":{"rendered":"\n<p>Ce mardi c&rsquo;est la Journ\u00e9e mondiale des r\u00e9fugi\u00e9s. Une quarantaine d&rsquo;entreprises, r\u00e9unies \u00e0 Paris lundi, se sont engag\u00e9es \u00e0 recruter ou \u00e0 former des r\u00e9fugi\u00e9s. Parmi elles le g\u00e9ant am\u00e9ricain du commerce en ligne Amazon, les cha\u00eenes d&rsquo;h\u00f4tel de luxe Hilton et Marriott. Certaines voix regrettent tout de m\u00eame que ces annonces se concentrent sur les r\u00e9fugi\u00e9s ukrainiens aux d\u00e9pens des autres.<\/p>\n\n\n\n<p>A l&rsquo;initiative de ce mini sommet \u00e0 Paris, l&rsquo;organisation&nbsp;<em>Tent Partnership for refugees<\/em>&nbsp;fond\u00e9e par Hamdi Ulukaya, un homme d&rsquo;affaires turc lui-m\u00eame r\u00e9fugi\u00e9 de longue date aux Etats-Unis et aujourd&rsquo;hui \u00e0 la t\u00eate d&rsquo;une multinationale du yaourt, Chobani.&nbsp;<em>Time Magazine<\/em>&nbsp;l&rsquo;avait s\u00e9lectionn\u00e9 en 2017 parmi les 100\u202fpersonnalit\u00e9s les plus influentes du monde.&nbsp;<\/p>\n\n\n\n<p>Au total les promesses des entreprises portent sur un peu plus de 13 000 embauches fermes sur trois ans en Europe.&nbsp;Ces promesses, qui doivent permettre de r\u00e9pondre aux \u00ab p\u00e9nuries de main-d&rsquo;oeuvre \u00bb alors que \u00ab l&rsquo;Europe fait face actuellement \u00e0 sa plus grande crise de r\u00e9fugi\u00e9s depuis la Seconde Guerre mondiale&nbsp;\u00bb avec l&rsquo;exode g\u00e9n\u00e9r\u00e9 par le conflit en Ukraine, constituent \u00ab l&rsquo;ensemble d&rsquo;engagements le plus important jamais pris par des entreprises pour faire progresser l&rsquo;int\u00e9gration \u00e9conomique des r\u00e9fugi\u00e9s \u00bb, d&rsquo;apr\u00e8s Tent.<\/p>\n\n\n\n<h2 class=\"wp-block-heading\">Tous les r\u00e9fugi\u00e9s ne sont pas \u00e9gaux<\/h2>\n\n\n\n<p>Gideon Maltz dirige aujourd&rsquo;hui l&rsquo;ONG. Cet ancien de l&rsquo;administration Obama nous en explique le principe, au micro de&nbsp;<strong>Nathana\u00ebl Vittrant<\/strong>, du service \u00e9conomie.&nbsp;\u00ab&nbsp;<em>Ce que le&nbsp;r\u00e9cent naufrage en M\u00e9diterran\u00e9e&nbsp;a montr\u00e9, c&rsquo;est que quand il est difficile pour les gens de se rendre l\u00e9galement en Europe, ils choisissent des routes dangereuses. En poussant les entreprises \u00e0 int\u00e9grer des r\u00e9fugi\u00e9s qui sont d\u00e9j\u00e0 sur le sol europ\u00e9en, notre objectif est de montrer qu&rsquo;ils contribuent de mani\u00e8re extraordinaire \u00e0 l&rsquo;\u00e9conomie et \u00e0 la soci\u00e9t\u00e9, et \u00e0 pousser l&rsquo;Europe \u00e0 laisser entrer plus de r\u00e9fugi\u00e9s par la voie l\u00e9gale.<\/em>&nbsp;\u00bb<\/p>\n\n\n\n<p>Mais attention, nuance Marie-Christine Vergiat, vice-pr\u00e9sidente de la Ligue des Droits de l&rsquo;homme. \u00ab&nbsp;<em>Toutes les initiatives en ce domaine sont de bonnes initiatives, mais&#8230; aujourd&rsquo;hui, ceux que l&rsquo;on distingue -et le cas des Ukrainiens le montre tr\u00e8s tr\u00e8s bien- c&rsquo;est ceux qui ont la bonne couleur de peau, la bonne religion ; (pour ) ceux qui viennent d&rsquo;Afghanistan, d&rsquo;Iran ou du Soudan, on n&rsquo;a aucun doute sur la situation dans leur pays et pourtant il y a des entorses par rapport \u00e0 leur droit \u00e0 \u00eatre reconnu comme r\u00e9fugi\u00e9s<\/em>&nbsp;\u00bb.<\/p>\n\n\n\n<p>Un biais dont l&rsquo;ONG est consciente.&nbsp;\u00ab&nbsp;<em>En nous focalisant d&rsquo;abord sur les r\u00e9fugi\u00e9s ukrainiens, nous esp\u00e9rons qu&rsquo;\u00e0 long terme cela b\u00e9n\u00e9ficiera aussi aux r\u00e9fugi\u00e9s syriens, afghans, iraniens&#8230; et \u00e0 tous les autres \u00bb,&nbsp;<\/em>r\u00e9pond<em>&nbsp;<\/em>Gideon Maltz.<\/p>\n\n\n\n<p>Il reste du travail : d&rsquo;apr\u00e8s un&nbsp;sondage de Bpifrance, publi\u00e9 lui aussi hier lundi 19 juin, malgr\u00e9 la p\u00e9nurie de main d&rsquo;\u0153uvre, moins d&rsquo;un patron de petite ou moyenne entreprise sur trois envisage de recruter des \u00e9trangers, qu&rsquo;ils soient ou non r\u00e9fugi\u00e9s.<\/p>\n","protected":false},"excerpt":{"rendered":"<p>Ce mardi c&rsquo;est la Journ\u00e9e mondiale des r\u00e9fugi\u00e9s. Une quarantaine d&rsquo;entreprises, r\u00e9unies \u00e0 Paris lundi, se sont engag\u00e9es \u00e0 recruter<\/p>\n","protected":false},"author":1,"featured_media":14474,"comment_status":"open","ping_status":"open","sticky":false,"template":"","format":"standard","meta":{"footnotes":""},"categories":[3],"tags":[],"class_list":["post-14473","post","type-post","status-publish","format-standard","has-post-thumbnail","hentry","category-event-more-news"],"_links":{"self":[{"href":"https:\/\/dekkbi.com\/index.php?rest_route=\/wp\/v2\/posts\/14473","targetHints":{"allow":["GET"]}}],"collection":[{"href":"https:\/\/dekkbi.com\/index.php?rest_route=\/wp\/v2\/posts"}],"about":[{"href":"https:\/\/dekkbi.com\/index.php?rest_route=\/wp\/v2\/types\/post"}],"author":[{"embeddable":true,"href":"https:\/\/dekkbi.com\/index.php?rest_route=\/wp\/v2\/users\/1"}],"replies":[{"embeddable":true,"href":"https:\/\/dekkbi.com\/index.php?rest_route=%2Fwp%2Fv2%2Fcomments&post=14473"}],"version-history":[{"count":4,"href":"https:\/\/dekkbi.com\/index.php?rest_route=\/wp\/v2\/posts\/14473\/revisions"}],"predecessor-version":[{"id":14505,"href":"https:\/\/dekkbi.com\/index.php?rest_route=\/wp\/v2\/posts\/14473\/revisions\/14505"}],"wp:featuredmedia":[{"embeddable":true,"href":"https:\/\/dekkbi.com\/index.php?rest_route=\/wp\/v2\/media\/14474"}],"wp:attachment":[{"href":"https:\/\/dekkbi.com\/index.php?rest_route=%2Fwp%2Fv2%2Fmedia&parent=14473"}],"wp:term":[{"taxonomy":"category","embeddable":true,"href":"https:\/\/dekkbi.com\/index.php?rest_route=%2Fwp%2Fv2%2Fcategories&post=14473"},{"taxonomy":"post_tag","embeddable":true,"href":"https:\/\/dekkbi.com\/index.php?rest_route=%2Fwp%2Fv2%2Ftags&post=14473"}],"curies":[{"name":"wp","href":"https:\/\/api.w.org\/{rel}","templated":true}]}}