{"id":14470,"date":"2023-06-20T10:23:22","date_gmt":"2023-06-20T10:23:22","guid":{"rendered":"https:\/\/dekkbi.com\/?p=14470"},"modified":"2023-06-20T10:23:23","modified_gmt":"2023-06-20T10:23:23","slug":"demarrage-du-cours-mondial-sur-le-paludisme-dakar-pour-des-decisions-fortes","status":"publish","type":"post","link":"https:\/\/dekkbi.com\/?p=14470","title":{"rendered":"D\u00e9marrage du cours mondial sur le paludisme: Dakar pour des d\u00e9cisions fortes"},"content":{"rendered":"\n<p><strong>La capitale s\u00e9n\u00e9galaise abrite depuis deux jours le cours mondial sur le paludisme. Apr\u00e8s dix ans de rencontre dans des pays de l\u2019Am\u00e9rique et de l\u2019Europe, l\u2019Afrique par le biais du S\u00e9n\u00e9gal est \u00e0 l\u2019honneur.&nbsp;&nbsp;Le ministre de l\u2019enseignement sup\u00e9rieur, Professeur Moussa Bald\u00e9 qui pr\u00e9sidait la rencontre devant des sommit\u00e9s comme le directeur g\u00e9n\u00e9ral de la lutte contre le paludisme au niveau de l\u2019Oms, a fait savoir&nbsp;que \u00ab<em>&nbsp;ce choix est la reconnaissance du leadership africain en g\u00e9n\u00e9ral et s\u00e9n\u00e9galais en particulier en mati\u00e8re de bonne gouvernance, de la qualit\u00e9 des enseignements et de la recherche&nbsp;<\/em>\u00bb.&nbsp;<\/strong><\/p>\n\n\n\n<p>Le professeur Daouda Ndiaye, chef du d\u00e9partement de parasitologie de l\u2019universit\u00e9 Cheikh Anta Diop de Dakar, pensionnaire de l\u2019Universit\u00e9 Harvard de Boston a r\u00e9ussi \u00e0 faire venir le cours mondial sur le paludisme en Afrique et particuli\u00e8rement en terre s\u00e9n\u00e9galaise. Ainsi, de dimanche jusqu\u2019au vendredi, Dakar est le centre du monde et les d\u00e9cisions qui sortiront de ces rencontres d\u2019\u00e9changes, de renforcement de capacit\u00e9 impacteront positivement sans nul doute sur la lutte contre cette maladie qui continue de faire beaucoup de ravages dans plusieurs pays de l\u2019Afrique. A Dakar, selon les organisateurs plus d\u2019une centaine d\u2019experts venant de 32 pays sont ainsi pr\u00e9sents pour prendre part au cours mondial sur le paludisme, initi\u00e9 depuis 2012.<\/p>\n\n\n\n<p>Un honneur qui fera dire au ministre de l\u2019Enseignement sup\u00e9rieur, Pr Bald\u00e9&nbsp;: \u00ab&nbsp;<em>l\u2019Afrique est honor\u00e9e d\u2019accueillir pour la premi\u00e8re fois ce prestigieux cours qui est en r\u00e9alit\u00e9 le premier cadre d\u2019\u00e9change mondial sur le paludisme entres d\u00e9cideurs, premiers hauts responsables de la lutte contre le paludisme, sp\u00e9cialistes, scientifiques, enseignants chercheurs, financiers, experts en charge de la mise en place&nbsp;<\/em>\u00bb. Revenant sur le choix du S\u00e9n\u00e9gal, le ministre a d\u00e9clar\u00e9&nbsp;:&nbsp;\u00ab&nbsp;<em>ce choix est la reconnaissance du leadership Africain en g\u00e9n\u00e9ral et S\u00e9n\u00e9galais en particulier en mati\u00e8re de bonne gouvernance, de la qualit\u00e9 des enseignements et de la recherche au niveau des universit\u00e9s et institutions de recherche dans la gestion des maladies tropicales, la lutte contre les pand\u00e9mies qui ont pour nom Paludisme, Sida, Tuberculose, Covid-19, entre autres<\/em>&nbsp;\u00bb.<\/p>\n\n\n\n<p>Du c\u00f4t\u00e9 de l\u2019Organisation mondiale de la sant\u00e9, le directeur g\u00e9n\u00e9ral de lutte contre le paludisme, pr\u00e9sent \u00e0 cette rencontre s\u2019est f\u00e9licit\u00e9 de la d\u00e9localisation dudit cours en Afrique. Pour Daniel, l\u2019Afrique reste le continent le plus impact\u00e9 par le paludisme. \u00ab&nbsp;L\u2019Oms l\u2019a bien compris en nommant \u00e0 la t\u00eate de la lutte contre le paludisme un africain en ma personne pour conduire les programmes dans le but de l\u2019\u00e9radication de cette maladie&nbsp;\u00bb. Revenant sur le rapport de l\u2019Oms 2022 sur l\u2019\u00e9volution du paludisme dans le monde, l\u2019expert a soutenu&nbsp;: \u00ab&nbsp;nous avons constat\u00e9 une hausse des cas de paludisme, par contre une baisse des d\u00e9c\u00e8s a \u00e9t\u00e9 enregistr\u00e9. Au S\u00e9n\u00e9gal de 2016 \u00e0 2019, il y a eu une baisse, toutefois une l\u00e9g\u00e8re hausse a \u00e9t\u00e9 not\u00e9e en 2020 et ce sont les zones p\u00e9riurbaines qui sont les plus touch\u00e9es&nbsp;\u00bb. Pour rappel,&nbsp;c\u2019est&nbsp;&nbsp;l\u2019Universit\u00e9 Cheikh Anta Diop \u00e0 travers le Centre International de Recherche et de Formation en G\u00e9nomique Appliqu\u00e9e et de Surveillance Sanitaire (CIGASS) qui a port\u00e9 le cours mondial sur le paludisme.<\/p>\n\n\n\n<p><strong>DENISE ZAROUR MEDANG<\/strong><\/p>\n\n\n\n<p>SUDQUOTIDIEN<\/p>\n","protected":false},"excerpt":{"rendered":"<p>La capitale s\u00e9n\u00e9galaise abrite depuis deux jours le cours mondial sur le paludisme. Apr\u00e8s dix ans de rencontre dans des<\/p>\n","protected":false},"author":1,"featured_media":14471,"comment_status":"open","ping_status":"open","sticky":false,"template":"","format":"standard","meta":{"footnotes":""},"categories":[6],"tags":[],"class_list":["post-14470","post","type-post","status-publish","format-standard","has-post-thumbnail","hentry","category-politics"],"_links":{"self":[{"href":"https:\/\/dekkbi.com\/index.php?rest_route=\/wp\/v2\/posts\/14470","targetHints":{"allow":["GET"]}}],"collection":[{"href":"https:\/\/dekkbi.com\/index.php?rest_route=\/wp\/v2\/posts"}],"about":[{"href":"https:\/\/dekkbi.com\/index.php?rest_route=\/wp\/v2\/types\/post"}],"author":[{"embeddable":true,"href":"https:\/\/dekkbi.com\/index.php?rest_route=\/wp\/v2\/users\/1"}],"replies":[{"embeddable":true,"href":"https:\/\/dekkbi.com\/index.php?rest_route=%2Fwp%2Fv2%2Fcomments&post=14470"}],"version-history":[{"count":1,"href":"https:\/\/dekkbi.com\/index.php?rest_route=\/wp\/v2\/posts\/14470\/revisions"}],"predecessor-version":[{"id":14472,"href":"https:\/\/dekkbi.com\/index.php?rest_route=\/wp\/v2\/posts\/14470\/revisions\/14472"}],"wp:featuredmedia":[{"embeddable":true,"href":"https:\/\/dekkbi.com\/index.php?rest_route=\/wp\/v2\/media\/14471"}],"wp:attachment":[{"href":"https:\/\/dekkbi.com\/index.php?rest_route=%2Fwp%2Fv2%2Fmedia&parent=14470"}],"wp:term":[{"taxonomy":"category","embeddable":true,"href":"https:\/\/dekkbi.com\/index.php?rest_route=%2Fwp%2Fv2%2Fcategories&post=14470"},{"taxonomy":"post_tag","embeddable":true,"href":"https:\/\/dekkbi.com\/index.php?rest_route=%2Fwp%2Fv2%2Ftags&post=14470"}],"curies":[{"name":"wp","href":"https:\/\/api.w.org\/{rel}","templated":true}]}}