{"id":14458,"date":"2023-06-20T09:54:22","date_gmt":"2023-06-20T09:54:22","guid":{"rendered":"https:\/\/dekkbi.com\/?p=14458"},"modified":"2023-06-20T09:54:23","modified_gmt":"2023-06-20T09:54:23","slug":"demarrage-du-dialogue-du-peuple-prevu-ce-mardi-f24-en-roue-libre","status":"publish","type":"post","link":"https:\/\/dekkbi.com\/?p=14458","title":{"rendered":"D\u00e9marrage du dialogue du peuple pr\u00e9vu ce mardi : F24, en roue libre !"},"content":{"rendered":"\n<p><strong>Le dialogue du peuple initi\u00e9 par&nbsp;<\/strong><strong>les responsables de la&nbsp;<\/strong><strong>nouvelle plateforme des forces vives de la Nation F24 qui regroupe plus de 112 partis politiques et organisations de la soci\u00e9t\u00e9 civile&nbsp;<\/strong><strong>contre une 3<sup>\u00e8me<\/sup>&nbsp;candidature du pr\u00e9sident Macky Sall d\u00e9marre ce mardi 20 juin, soit trois semaines apr\u00e8s la premi\u00e8re tentative avort\u00e9e le 31 mai dernier. En conf\u00e9rence de presse hier, lundi 19 juin, Mamadou Mbodj, Coordonnateur du F24 a indiqu\u00e9 que&nbsp;<\/strong><strong>cette premi\u00e8re phase du<\/strong><strong>&nbsp;dialogue se fera en format<\/strong><strong>&nbsp;bimodal : en version pr\u00e9sentielle et en ligne autour de deux th\u00e9matiques que sont le 3<sup>e<\/sup>&nbsp;mandat et la Justice \u00e0 deux vitesses.<\/strong><\/p>\n\n\n\n<p>La plateforme des forces F24 va tenir enfin son dialogue du peuple, sauf revirement de derni\u00e8re minute des autorit\u00e9s. Pr\u00e8s de trois semaines apr\u00e8s leur premi\u00e8re tentative avort\u00e9e le 31 mai dernier du fait de l\u2019opposition des autorit\u00e9s, les responsables de cette nouvelle plateforme des forces vives de la Nation qui regroupe plus de 112 partis politiques et organisations de la soci\u00e9t\u00e9 civile contre une 3<sup>\u00e8me<\/sup>&nbsp;candidature du pr\u00e9sident Macky Sall vont d\u00e9marrer leur dialogue du peuple ce mardi 20 juin. En conf\u00e9rence de presse hier, lundi 19 juin, Mamadou Mbodj, Coordonnateur du F24, a annonc\u00e9 le lancement officiel des travaux de ce dialogue qui se fera sous format bimodal&nbsp;: en pr\u00e9sentiel et en ligne autour des deux th\u00e9matiques que sont le 3<sup>e<\/sup>&nbsp;mandat et la Justice \u00e0 deux vitesses choisies pour cette premi\u00e8re phase.<\/p>\n\n\n\n<p>\u00ab&nbsp;Le dialogue du peuple se fera en format bimodal avec des ateliers en ligne et en pr\u00e9sentiel. \u00c7a sera un dialogue ouvert au public \u00e0 travers les r\u00e9seaux sociaux. Mais \u00e9galement un dialogue qui sera fait \u00e0 travers des ateliers regroupant des experts \u00e9videmment comp\u00e9tents dans les deux th\u00e9matiques choisies pour cette premi\u00e8re phase, \u00e0 savoir le 3<sup>e<\/sup>&nbsp;mandat qui constitue un coup d\u2019\u00c9tat constitutionnel et la Justice \u00e0 deux vitesses. Ce sont les deux th\u00e9matiques sur lesquelles nous allons insister dans la premi\u00e8re phase&nbsp;\u00bb, a annonc\u00e9 Mamadou Mbodj qui appelle par ailleurs les S\u00e9n\u00e9galais \u00e0 se mobiliser massivement pour la r\u00e9ussite de ce dialogue par la publication des Var et vid\u00e9os sur \u00ab&nbsp;le troisi\u00e8me mandat et sur la justice \u00e0 deux vitesses \u00e0 l\u2019origine des tensions qui sapent les fondements de notre coh\u00e9sion nationale&nbsp;\u00bb.<\/p>\n\n\n\n<p><strong>Le F24 appelle \u00e0 une journ\u00e9e 23 juin en blanc<\/strong><\/p>\n\n\n\n<p>Outre le d\u00e9marrage du dialogue du peuple en ce jour de mardi 20 juin, le Coordonnateur du F24, Mamadou Mbodj, a \u00e9galement annonc\u00e9 lors de cette rencontre avec la presse, la c\u00e9l\u00e9bration le 23 juin prochain du 12<sup>e<\/sup>&nbsp;anniversaire du Mouvement des forces vives (M23) qui avait combattu le projet de r\u00e9forme constitutionnelle de 2011 et la 3<sup>e<\/sup>&nbsp;candidature du pr\u00e9sident Wade. Sous ce rapport, il a ainsi invit\u00e9 le S\u00e9n\u00e9galais \u00e0 marquer cette journ\u00e9e en s\u2019habillant de couleur blanche pour manifester dans la paix et \u00abd\u00e9noncer la coupure du signal de Walfadjri, le blocus devant la maison de Ousmane Sonko, l\u2019emprisonnement de journalistes et d\u2019autres d\u00e9tenus politiques \u00bb.Mais aussi pour \u00ab&nbsp;r\u00e9clamer une Tabaski pour tous, la lib\u00e9ration imm\u00e9diate de tous les d\u00e9tenus politiques, la cessation de toutes les poursuites judiciaires visant la liquidation d\u2019adversaires politiques, gage du retour \u00e0 une paix durable&nbsp;\u00bb.<\/p>\n\n\n\n<p>Par ailleurs, annon\u00e7ant une visite des prisons et des bless\u00e9s lors des derni\u00e8res manifestations, le Coordonnateur du F24 a \u00e9galement estim\u00e9 qu\u2019\u00ab une synergie avec la Coordination des associations de presse (CAP) est vivement attendue, tous ensemble pour la paix, le 23 juin&nbsp;\u00bb. \u00ab&nbsp;Le F24 encourage toute initiative allant dans le sens de permettre \u00e0 tous ceux qui sont priv\u00e9s de libert\u00e9 de f\u00eater la Tabaski aupr\u00e8s de leurs familles respectives&nbsp;\u00bb, a encore lanc\u00e9 Mamadou Mbodj.<\/p>\n\n\n\n<p><strong>Une nouvelle manifestation pacifique le 14 juillet 2023.<\/strong><\/p>\n\n\n\n<p>La nouvelle plateforme des forces vives de la Nation F24 qui groupe plus de 112 partis politiques et organisations de la soci\u00e9t\u00e9 civile contre une 3<sup>\u00e8me<\/sup>&nbsp;candidature du pr\u00e9sident Macky Sall va proc\u00e9der \u00e0 une deuxi\u00e8me d\u00e9monstration de force \u00e0 la Place de la Nation ex-Ob\u00e9lisque. En marge d\u2019une conf\u00e9rence de presse hier, lundi 19 juin, en pr\u00e9lude au d\u00e9marrage de son dialogue du peuple pr\u00e9vu ce mardi 20 juin, le F24 a annonc\u00e9 par l\u2019entremise de son Coordonnateur, Mamadou Mbodj une nouvelle grande manifestation pacifique pr\u00e9vue le 14 juillet 2023 \u00e0 la Place de la Nation. Cette manifestation intervient pr\u00e8s de deux mois apr\u00e8s la premi\u00e8re du genre organis\u00e9e par cette nouvelle plateforme des forces vives de la nation lanc\u00e9e le 16 avril dernier. Face \u00e0 la presse, Mamadou Mbodj a assur\u00e9 que ce rassemblement qui vise \u00e0 d\u00e9noncer le projet d\u2019une 3<sup>e<\/sup>&nbsp;candidature de l\u2019actuel chef de l\u2019Etat et la justice \u00e0 double vitesse sera pr\u00e9c\u00e9d\u00e9 par des activit\u00e9s de sensibilisation des populations sur ces deux questions qui seront au menu de la premi\u00e8re partie du dialogue du peuple.<\/p>\n\n\n\n<p><strong>SAISINE DES JURIDICTIONS DONT LA CPI<\/strong><\/p>\n\n\n\n<p>Lors de cette rencontre avec la presse, le Coordonnateur du F24 a \u00e9galement apport\u00e9 la r\u00e9plique au Gouvernement apr\u00e8s sa sortie sur les manifestations du 1<sup>er<\/sup>&nbsp;et 2 juin dernier. &nbsp;Revenant sur les violences qui ont \u00e9maill\u00e9 ces deux jours de manifestations, Mamadou Mbodj accuse le gouvernement du S\u00e9n\u00e9gal d\u2019avoir viol\u00e9 all\u00e8grement toutes ses engagements internationaux qui interdisent la torture, l\u2019utilisation des armes \u00e0 feu contre des manifestants innocents&nbsp;\u00bb. \u00ab&nbsp;Le F24 appelle l\u2019Etat \u00e0 accepter, admettre que ce n\u2019est pas par perte et profit que toutes ces vies humaines vont \u00eatre pass\u00e9es parce que justement, le S\u00e9n\u00e9gal a des obligations \u00e0 respecter&nbsp;\u00bb, a-t-il lanc\u00e9 avant de faire remarquer. \u00abNous avons pris l\u2019initiative avec toutes les organisations habilit\u00e9es \u00e0 ce niveau de saisir les juridictions nationales, r\u00e9gionales, internationales pour montrer \u00e0 Messieurs les ministres du gouvernement, que ce ne sont pas des fanfaronnades\u00bb. Poursuivant son propos, le Coordonnateur du F24 de brandir \u00e9galement le spectre d\u2019une saisine de la Cour p\u00e9nale internationale. \u00ab&nbsp;Nous sommes des gens, des avocats et des organisations comp\u00e9tents, habilit\u00e9s \u00e9videmment \u00e0 saisir ces organes dans les r\u00e8gles de l\u2019art, et ce sera fait comme il le faut. La Cour p\u00e9nale internationale sera \u00e9galement saisie \u00e0 cette occasion parce que les crimes contre elle ont \u00e9t\u00e9 commis au S\u00e9n\u00e9gal&nbsp;\u00bb.<\/p>\n\n\n\n<p><strong>NANDO CABRAL GOMIS<\/strong><\/p>\n\n\n\n<p>SUQUOTIDIEN<\/p>\n","protected":false},"excerpt":{"rendered":"<p>Le dialogue du peuple initi\u00e9 par&nbsp;les responsables de la&nbsp;nouvelle plateforme des forces vives de la Nation F24 qui regroupe plus<\/p>\n","protected":false},"author":1,"featured_media":13488,"comment_status":"open","ping_status":"open","sticky":false,"template":"","format":"standard","meta":{"footnotes":""},"categories":[6],"tags":[],"class_list":["post-14458","post","type-post","status-publish","format-standard","has-post-thumbnail","hentry","category-politics"],"_links":{"self":[{"href":"https:\/\/dekkbi.com\/index.php?rest_route=\/wp\/v2\/posts\/14458","targetHints":{"allow":["GET"]}}],"collection":[{"href":"https:\/\/dekkbi.com\/index.php?rest_route=\/wp\/v2\/posts"}],"about":[{"href":"https:\/\/dekkbi.com\/index.php?rest_route=\/wp\/v2\/types\/post"}],"author":[{"embeddable":true,"href":"https:\/\/dekkbi.com\/index.php?rest_route=\/wp\/v2\/users\/1"}],"replies":[{"embeddable":true,"href":"https:\/\/dekkbi.com\/index.php?rest_route=%2Fwp%2Fv2%2Fcomments&post=14458"}],"version-history":[{"count":1,"href":"https:\/\/dekkbi.com\/index.php?rest_route=\/wp\/v2\/posts\/14458\/revisions"}],"predecessor-version":[{"id":14459,"href":"https:\/\/dekkbi.com\/index.php?rest_route=\/wp\/v2\/posts\/14458\/revisions\/14459"}],"wp:featuredmedia":[{"embeddable":true,"href":"https:\/\/dekkbi.com\/index.php?rest_route=\/wp\/v2\/media\/13488"}],"wp:attachment":[{"href":"https:\/\/dekkbi.com\/index.php?rest_route=%2Fwp%2Fv2%2Fmedia&parent=14458"}],"wp:term":[{"taxonomy":"category","embeddable":true,"href":"https:\/\/dekkbi.com\/index.php?rest_route=%2Fwp%2Fv2%2Fcategories&post=14458"},{"taxonomy":"post_tag","embeddable":true,"href":"https:\/\/dekkbi.com\/index.php?rest_route=%2Fwp%2Fv2%2Ftags&post=14458"}],"curies":[{"name":"wp","href":"https:\/\/api.w.org\/{rel}","templated":true}]}}