{"id":14450,"date":"2023-06-20T09:30:51","date_gmt":"2023-06-20T09:30:51","guid":{"rendered":"https:\/\/dekkbi.com\/?p=14450"},"modified":"2023-06-20T10:03:38","modified_gmt":"2023-06-20T10:03:38","slug":"le-cas-sonko-3e-candidature-revision-du-code-les-causes-des-premiers-desaccords-du-dialogue","status":"publish","type":"post","link":"https:\/\/dekkbi.com\/?p=14450","title":{"rendered":"Le cas Sonko, 3e candidature, r\u00e9vision du code&#8230;: Les causes des premiers d\u00e9saccords du dialogue !"},"content":{"rendered":"\n<p>GFM &#8211; (Dakar) La Commission politique du dialogue national enregistre ses premiers d\u00e9saccords. Les acteurs n&rsquo;ont pas trouv\u00e9 de consensus sur la question de la 3\u00b0 candidature de Macky Sall, celle relative aux droits civiques et politiques etc.<\/p>\n\n\n\n<p>L\u2019Observateur, dans sa livraison du jour, rapporte que lors des travaux de la Commission politique du dialogue national, la soci\u00e9t\u00e9 civile a \u00e9mis la proposition de l&rsquo;introduction de la gr\u00e2ce en r\u00e9vision de l&rsquo;article L28 du Code \u00e9lectoral. Selon les sources du journal, la soci\u00e9t\u00e9 civile a invit\u00e9, par la m\u00eame occasion, toutes les parties \u00e0 s&rsquo;engager \u00e0 laisser le Conseil constitutionnel d\u00e9cider de la candidature des uns et des autres \u00e0 la prochaine \u00e9lection Pr\u00e9sidentielle.<\/p>\n\n\n\n<p>Pour l&rsquo;introduction de la gr\u00e2ce, en r\u00e9vision de l&rsquo;article L28 du Code \u00e9lectoral, le groupe de la majorit\u00e9 a adh\u00e9r\u00e9 \u00e0 la proposition de la soci\u00e9t\u00e9 civile. Mais en posant ses conditions : \u00abNous sommes d&rsquo;accord, mais \u00e0 condition que la peine soit d&rsquo;abord purg\u00e9e, que l&rsquo;autorit\u00e9 de la chose jug\u00e9e soit respect\u00e9e. Nous avons demand\u00e9 \u00e0 ce que le condamn\u00e9 purge d&rsquo;abord sa peine qui a \u00e9t\u00e9 prononc\u00e9e par le juge. M\u00eame s&rsquo;il a \u00e9t\u00e9 graci\u00e9, il faut qu&rsquo;il purge d&rsquo;abord sa peine avant de recouvrer ses droits civiques. C&rsquo;est une position de principe parce que pour nous, cela va permettre de respecter la d\u00e9cision de justice. La gr\u00e2ce lib\u00e8re des liens carc\u00e9raux mais avant de recouvrer ses droits civiques, il faut d&rsquo;abord purger sa peine prononc\u00e9e par le juge\u00bb, disent-ils.<\/p>\n","protected":false},"excerpt":{"rendered":"<p>GFM &#8211; (Dakar) La Commission politique du dialogue national enregistre ses premiers d\u00e9saccords. Les acteurs n&rsquo;ont pas trouv\u00e9 de consensus<\/p>\n","protected":false},"author":1,"featured_media":14460,"comment_status":"open","ping_status":"open","sticky":false,"template":"","format":"standard","meta":{"footnotes":""},"categories":[6],"tags":[],"class_list":["post-14450","post","type-post","status-publish","format-standard","has-post-thumbnail","hentry","category-politics"],"_links":{"self":[{"href":"https:\/\/dekkbi.com\/index.php?rest_route=\/wp\/v2\/posts\/14450","targetHints":{"allow":["GET"]}}],"collection":[{"href":"https:\/\/dekkbi.com\/index.php?rest_route=\/wp\/v2\/posts"}],"about":[{"href":"https:\/\/dekkbi.com\/index.php?rest_route=\/wp\/v2\/types\/post"}],"author":[{"embeddable":true,"href":"https:\/\/dekkbi.com\/index.php?rest_route=\/wp\/v2\/users\/1"}],"replies":[{"embeddable":true,"href":"https:\/\/dekkbi.com\/index.php?rest_route=%2Fwp%2Fv2%2Fcomments&post=14450"}],"version-history":[{"count":1,"href":"https:\/\/dekkbi.com\/index.php?rest_route=\/wp\/v2\/posts\/14450\/revisions"}],"predecessor-version":[{"id":14451,"href":"https:\/\/dekkbi.com\/index.php?rest_route=\/wp\/v2\/posts\/14450\/revisions\/14451"}],"wp:featuredmedia":[{"embeddable":true,"href":"https:\/\/dekkbi.com\/index.php?rest_route=\/wp\/v2\/media\/14460"}],"wp:attachment":[{"href":"https:\/\/dekkbi.com\/index.php?rest_route=%2Fwp%2Fv2%2Fmedia&parent=14450"}],"wp:term":[{"taxonomy":"category","embeddable":true,"href":"https:\/\/dekkbi.com\/index.php?rest_route=%2Fwp%2Fv2%2Fcategories&post=14450"},{"taxonomy":"post_tag","embeddable":true,"href":"https:\/\/dekkbi.com\/index.php?rest_route=%2Fwp%2Fv2%2Ftags&post=14450"}],"curies":[{"name":"wp","href":"https:\/\/api.w.org\/{rel}","templated":true}]}}