{"id":14429,"date":"2023-06-19T12:50:55","date_gmt":"2023-06-19T12:50:55","guid":{"rendered":"https:\/\/dekkbi.com\/?p=14429"},"modified":"2023-06-19T12:51:31","modified_gmt":"2023-06-19T12:51:31","slug":"le-premier-ministre-chinois-recu-en-allemagne-partenaire-de-plus-en-plus-critique","status":"publish","type":"post","link":"https:\/\/dekkbi.com\/?p=14429","title":{"rendered":"Le Premier ministre chinois re\u00e7u en Allemagne, partenaire de plus en plus critique"},"content":{"rendered":"\n<p>Le chef de l&rsquo;Etat allemand a re\u00e7u lundi le Premier ministre chinois Li Qiang qui effectue son premier d\u00e9placement \u00e0 l&rsquo;\u00e9tranger, un test pour les relations entre Berlin et P\u00e9kin marqu\u00e9es par une rivalit\u00e9 croissante.<\/p>\n\n\n\n<p>Le pr\u00e9sident allemand a donn\u00e9 le ton lors de ses entretiens avec le dirigeant chinois: la coop\u00e9ration entre les deux pays \u00ab\u00a0reste importante mais elle a chang\u00e9 au cours des derni\u00e8res ann\u00e9es\u00a0\u00bb, a soulign\u00e9 Frank-Walter Steinmeier, selon des tweets de sa porte-parole Cerstin Gammelin.<\/p>\n\n\n\n<p>\u00ab\u00a0La Chine est un partenaire pour l&rsquo;Allemagne et l&rsquo;Europe, mais aussi de plus en plus un concurrent et un rival sur la sc\u00e8ne politique\u00a0\u00bb, a-t-il ajout\u00e9.<\/p>\n\n\n\n<p>L&rsquo;essentiel des consultations gouvernementales sino-allemandes avec l&rsquo;\u00e9quipe du chancelier Olaf Scholz se d\u00e9roulera mardi.<\/p>\n\n\n\n<p>Li Qiang, nomm\u00e9 en mars, encha\u00eenera avec une visite officielle en France o\u00f9 il assistera au Sommet pour un nouveau pacte financier mondial.<\/p>\n\n\n\n<p>Ce dialogue avec Paris et Berlin intervient alors que les relations entre P\u00e9kin et Washington sont particuli\u00e8rement tendues. Le secr\u00e9taire d&rsquo;Etat Antony Blinken est depuis dimanche en Chine pour tenter d&rsquo;amorcer un d\u00e9gel diplomatique.<\/p>\n\n\n\n<p>Or pour Berlin, les rapports entre Chine et Etats-Unis ont \u00ab\u00a0une importance particuli\u00e8re pour la s\u00e9curit\u00e9 et la coop\u00e9ration mondiale\u00a0\u00bb, a soulign\u00e9 M. Steinmeier.<\/p>\n\n\n\n<p>Il a plaid\u00e9, aupr\u00e8s de son interlocuteur chinois, pour que les deux grandes puissances \u00ab\u00a0renforcent leurs canaux de communication\u00a0\u00bb.<\/p>\n\n\n\n<h2 class=\"wp-block-heading\">Force hostile<\/h2>\n\n\n\n<p>Premier partenaire commercial de l&rsquo;Allemagne et march\u00e9 vital pour son puissant secteur automobile, la Chine a longtemps \u00e9t\u00e9 m\u00e9nag\u00e9e par Berlin. Sous les mandats d&rsquo;Angela Merkel, jusque fin 2021, ce format de consultations sino-allemandes \u00e9tait r\u00e9gulier.<\/p>\n\n\n\n<p>L&rsquo;Allemagne a toutefois durci le ton, depuis plus d&rsquo;un an, notamment face aux menaces visant Ta\u00efwan et aux accusations de pers\u00e9cutions contre les Ou\u00efghours.<\/p>\n\n\n\n<p>L&rsquo;absence de condamnation par Xi Jinping de l&rsquo;invasion russe de l&rsquo;Ukraine a aussi creus\u00e9 le foss\u00e9 entre la Chine et l&rsquo;Europe occidentale, l&rsquo;Allemagne en particulier.<\/p>\n\n\n\n<p>En t\u00e9moigne la publication le 14 juin par Berlin d&rsquo;un document qui d\u00e9crit la Chine comme une force hostile.<\/p>\n\n\n\n<p>La Chine, bien que \u00ab\u00a0partenaire\u00a0\u00bb de l&rsquo;Allemagne, agit \u00ab\u00a0\u00e0 l&rsquo;encontre de nos int\u00e9r\u00eats et valeurs\u00a0\u00bb, accuse notamment le gouvernement allemand dans sa \u00ab\u00a0Strat\u00e9gie de s\u00e9curit\u00e9 nationale\u00a0\u00bb.<\/p>\n\n\n\n<p>Pour Berlin, avec l&rsquo;action de P\u00e9kin, \u00ab\u00a0la stabilit\u00e9 r\u00e9gionale et la s\u00e9curit\u00e9 internationale sont de plus en plus sous pression\u00a0\u00bb et \u00ab\u00a0les droits de l&rsquo;homme ne sont pas respect\u00e9s\u00a0\u00bb.<\/p>\n\n\n\n<p>Cette Strat\u00e9gie de s\u00e9curit\u00e9, qui cible aussi la Russie, a \u00e9t\u00e9 mal v\u00e9cue par le gouvernement chinois.<\/p>\n\n\n\n<p>\u00ab\u00a0Consid\u00e9rer et construire des relations internationales en voyant les autres comme des concurrents, des rivaux ou m\u00eame des adversaires et transformer une coop\u00e9ration normale en questions de s\u00e9curit\u00e9 ou de politique ne fera que pousser notre monde vers un tourbillon de division et de confrontation\u00a0\u00bb, a mis en garde le porte-parole du minist\u00e8re chinois des Affaires \u00e9trang\u00e8res, Wang Wenbin.<\/p>\n\n\n\n<p>Les difficult\u00e9s rencontr\u00e9es par l&rsquo;\u00e9conomie chinoise, qui peine \u00e0 surmonter l&rsquo;apr\u00e8s-Covid, motivent la visite en Allemagne de Li Qiang.<\/p>\n\n\n\n<p>De son c\u00f4t\u00e9, l&rsquo;Allemagne cherche \u00e0 r\u00e9duire ses d\u00e9pendances commerciales vis \u00e0 vis de P\u00e9kin, alors que la pand\u00e9mie de Covid-19 et la perturbation des \u00e9changes internationaux qu&rsquo;elle a entra\u00een\u00e9e ont ouvert les yeux des Allemands sur leurs vuln\u00e9rabilit\u00e9s.<\/p>\n\n\n\n<h2 class=\"wp-block-heading\">Nouvelle voie<\/h2>\n\n\n\n<p>Li Qiang est \u00ab\u00a0le tsar de l&rsquo;\u00e9conomie de Xi et il est charg\u00e9 de redresser l&rsquo;\u00e9conomie, qui est en difficult\u00e9\u00a0\u00bb, explique \u00e0 l&rsquo;AFP Ian Johnson, sp\u00e9cialiste de la Chine au sein du groupe de r\u00e9flexion am\u00e9ricain Council on Foreign Relations.<\/p>\n\n\n\n<p>\u00ab\u00a0Il est donc logique de se rendre chez le principal partenaire commercial de la Chine en Europe\u00a0\u00bb, observe-t-il.<\/p>\n\n\n\n<p>\u00ab\u00a0Pour la Chine, l&rsquo;Allemagne est l&rsquo;acteur le plus important en Europe et, \u00e0 mesure que les relations avec les Etats-Unis se d\u00e9t\u00e9riorent, P\u00e9kin a int\u00e9r\u00eat \u00e0 montrer qu&rsquo;elle entretient des relations constructives avec le plus grand acteur en Europe\u00a0\u00bb, confirme Thorsten Brenner, de l&rsquo;Institut global des politiques publiques (GPPI).<\/p>\n\n\n\n<p>\u00ab\u00a0La question est de savoir\u00a0\u00bb, selon M. Brenner, si les Allemands \u00ab\u00a0continuent \u00e0 jouer le jeu en pr\u00e9tendant qu&rsquo;il y a un large accord avec P\u00e9kin\u00a0\u00bb ou s&rsquo;ils \u00ab\u00a0choisissent une nouvelle voie en parlant franchement et en limitant la d\u00e9claration finale aux domaines o\u00f9 il y a une v\u00e9ritable voie \u00e0 suivre pour la coop\u00e9ration\u00a0\u00bb.<\/p>\n","protected":false},"excerpt":{"rendered":"<p>Le chef de l&rsquo;Etat allemand a re\u00e7u lundi le Premier ministre chinois Li Qiang qui effectue son premier d\u00e9placement \u00e0<\/p>\n","protected":false},"author":1,"featured_media":14430,"comment_status":"open","ping_status":"open","sticky":false,"template":"","format":"standard","meta":{"footnotes":""},"categories":[3],"tags":[],"class_list":["post-14429","post","type-post","status-publish","format-standard","has-post-thumbnail","hentry","category-event-more-news"],"_links":{"self":[{"href":"https:\/\/dekkbi.com\/index.php?rest_route=\/wp\/v2\/posts\/14429","targetHints":{"allow":["GET"]}}],"collection":[{"href":"https:\/\/dekkbi.com\/index.php?rest_route=\/wp\/v2\/posts"}],"about":[{"href":"https:\/\/dekkbi.com\/index.php?rest_route=\/wp\/v2\/types\/post"}],"author":[{"embeddable":true,"href":"https:\/\/dekkbi.com\/index.php?rest_route=\/wp\/v2\/users\/1"}],"replies":[{"embeddable":true,"href":"https:\/\/dekkbi.com\/index.php?rest_route=%2Fwp%2Fv2%2Fcomments&post=14429"}],"version-history":[{"count":1,"href":"https:\/\/dekkbi.com\/index.php?rest_route=\/wp\/v2\/posts\/14429\/revisions"}],"predecessor-version":[{"id":14431,"href":"https:\/\/dekkbi.com\/index.php?rest_route=\/wp\/v2\/posts\/14429\/revisions\/14431"}],"wp:featuredmedia":[{"embeddable":true,"href":"https:\/\/dekkbi.com\/index.php?rest_route=\/wp\/v2\/media\/14430"}],"wp:attachment":[{"href":"https:\/\/dekkbi.com\/index.php?rest_route=%2Fwp%2Fv2%2Fmedia&parent=14429"}],"wp:term":[{"taxonomy":"category","embeddable":true,"href":"https:\/\/dekkbi.com\/index.php?rest_route=%2Fwp%2Fv2%2Fcategories&post=14429"},{"taxonomy":"post_tag","embeddable":true,"href":"https:\/\/dekkbi.com\/index.php?rest_route=%2Fwp%2Fv2%2Ftags&post=14429"}],"curies":[{"name":"wp","href":"https:\/\/api.w.org\/{rel}","templated":true}]}}