{"id":14410,"date":"2023-06-19T11:21:20","date_gmt":"2023-06-19T11:21:20","guid":{"rendered":"https:\/\/dekkbi.com\/?p=14410"},"modified":"2023-06-19T11:21:21","modified_gmt":"2023-06-19T11:21:21","slug":"une-greve-des-fleurs-organisee-en-birmanie-en-hommage-a-aung-san-suu-kyi","status":"publish","type":"post","link":"https:\/\/dekkbi.com\/?p=14410","title":{"rendered":"Une \u201cgr\u00e8ve des fleurs\u201d organis\u00e9e en Birmanie en hommage \u00e0 Aung San Suu Kyi"},"content":{"rendered":"\n<p>Les r\u00e9seaux sociaux de Birmanie ont \u00e9t\u00e9 inond\u00e9s de photos de personnes portant des fleurs en hommage \u00e0 Aung San Suu Kyi lundi. Cette \u201cgr\u00e8ve des fleurs\u201d co\u00efncide avec l\u2019anniversaire de l\u2019ancienne cheffe du gouvernement birman qui portait souvent des fleurs dans ses cheveux.<\/p>\n\n\n\n<p><\/p>\n\n\n\n<p>En plus des photos avec des fleurs dans leurs cheveux ou dans leurs mains, les internautes ont \u00e9galement partag\u00e9 des v\u0153ux pour Aung San Suu Kyi, actuellement d\u00e9tenue en prison \u00e0 la suite d\u2019un coup d\u2019\u00c9tat militaire. \u201cC\u2019est pour Aung San Suu Kyi que nous nous rassemblons aujourd\u2019hui. La \u201cgr\u00e8ve des fleurs\u201d a une signification importante\u201d, explique l\u2019organisateur de l\u2019action.<\/p>\n\n\n\n<p>Par peur de repr\u00e9sailles, la plupart des personnes ayant pris part au mouvement ont d\u00e9cid\u00e9 de cacher leurs visages, la junte birmane r\u00e9primant violemment toute forme de contestation.<\/p>\n\n\n\n<p>L\u2019arm\u00e9e avait repris le pouvoir en Birmanie le 1er f\u00e9vrier 2021. La cheffe du gouvernement Aung San Suu Kyi d\u00e9mocratiquement \u00e9lue avait alors \u00e9t\u00e9 incarc\u00e9r\u00e9e et condamn\u00e9e \u00e0 30 ans de prison par un tribunal contr\u00f4l\u00e9 par la junte.<\/p>\n\n\n\n<p>Cette \u201cgr\u00e8ve des fleurs\u201d avait \u00e9galement \u00e9t\u00e9 organis\u00e9e les deux derni\u00e8res ann\u00e9es le 19 juin.<\/p>\n","protected":false},"excerpt":{"rendered":"<p>Les r\u00e9seaux sociaux de Birmanie ont \u00e9t\u00e9 inond\u00e9s de photos de personnes portant des fleurs en hommage \u00e0 Aung San<\/p>\n","protected":false},"author":1,"featured_media":14411,"comment_status":"open","ping_status":"open","sticky":false,"template":"","format":"standard","meta":{"footnotes":""},"categories":[51],"tags":[],"class_list":["post-14410","post","type-post","status-publish","format-standard","has-post-thumbnail","hentry","category-general"],"_links":{"self":[{"href":"https:\/\/dekkbi.com\/index.php?rest_route=\/wp\/v2\/posts\/14410","targetHints":{"allow":["GET"]}}],"collection":[{"href":"https:\/\/dekkbi.com\/index.php?rest_route=\/wp\/v2\/posts"}],"about":[{"href":"https:\/\/dekkbi.com\/index.php?rest_route=\/wp\/v2\/types\/post"}],"author":[{"embeddable":true,"href":"https:\/\/dekkbi.com\/index.php?rest_route=\/wp\/v2\/users\/1"}],"replies":[{"embeddable":true,"href":"https:\/\/dekkbi.com\/index.php?rest_route=%2Fwp%2Fv2%2Fcomments&post=14410"}],"version-history":[{"count":1,"href":"https:\/\/dekkbi.com\/index.php?rest_route=\/wp\/v2\/posts\/14410\/revisions"}],"predecessor-version":[{"id":14412,"href":"https:\/\/dekkbi.com\/index.php?rest_route=\/wp\/v2\/posts\/14410\/revisions\/14412"}],"wp:featuredmedia":[{"embeddable":true,"href":"https:\/\/dekkbi.com\/index.php?rest_route=\/wp\/v2\/media\/14411"}],"wp:attachment":[{"href":"https:\/\/dekkbi.com\/index.php?rest_route=%2Fwp%2Fv2%2Fmedia&parent=14410"}],"wp:term":[{"taxonomy":"category","embeddable":true,"href":"https:\/\/dekkbi.com\/index.php?rest_route=%2Fwp%2Fv2%2Fcategories&post=14410"},{"taxonomy":"post_tag","embeddable":true,"href":"https:\/\/dekkbi.com\/index.php?rest_route=%2Fwp%2Fv2%2Ftags&post=14410"}],"curies":[{"name":"wp","href":"https:\/\/api.w.org\/{rel}","templated":true}]}}