{"id":14407,"date":"2023-06-19T11:15:19","date_gmt":"2023-06-19T11:15:19","guid":{"rendered":"https:\/\/dekkbi.com\/?p=14407"},"modified":"2023-06-19T11:15:20","modified_gmt":"2023-06-19T11:15:20","slug":"macky-sall-a-lisbonne-pour-une-visite-detat","status":"publish","type":"post","link":"https:\/\/dekkbi.com\/?p=14407","title":{"rendered":"Macky Sall \u00e0 Lisbonne pour une visite d\u2019Etat"},"content":{"rendered":"\n<p>Dakar,  (APS) \u2013 Le pr\u00e9sident de la R\u00e9publique, Macky Sall, est arriv\u00e9 dimanche apr\u00e8s-midi \u00e0 Lisbonne (Portugal) dans le cadre d\u2019une visite d\u2019Etat, a appris l\u2019APS de source officielle.<\/p>\n\n\n\n<p>Cette visite, dont la dur\u00e9e n\u2019a pas \u00e9t\u00e9 pr\u00e9cis\u00e9e, s\u2019inscrit dans le cadre du renforcement de la coop\u00e9ration bilat\u00e9rale entre Dakar et Lisbonne, indique la pr\u00e9sidence s\u00e9n\u00e9galaise sur sa page Facebook.<\/p>\n\n\n\n<p>\u2018\u2019Au cours de son s\u00e9jour, le Chef de l\u2019Etat aura un t\u00eate-\u00e0-t\u00eate avec son homologue portugais Marcelo Rebelo De Sousa et sera \u00e9galement l\u2019h\u00f4te de l\u2019Assembl\u00e9e nationale portugaise\u2019\u2019, souligne la m\u00eame source.<\/p>\n\n\n\n<p>Le pr\u00e9sident portugais Marcelo Rebelo de Sousa avait effectu\u00e9 une visite officielle de deux jours au S\u00e9n\u00e9gal en avril 2017, plus de deux ans apr\u00e8s avoir re\u00e7u chez lui le pr\u00e9sident s\u00e9n\u00e9galais Macky Sall.<\/p>\n\n\n\n<p>Le chef de l\u2019Etat s\u00e9n\u00e9galais est arriv\u00e9 \u00e0 Lisbonne en provenance de Saint-Petesbourg, en Russie, o\u00f9 il a rencontr\u00e9 le pr\u00e9sident russe Vladimir Poutine dans le cadre d\u2019une mission de m\u00e9diation africaine avec trois autres chefs d\u2019Etat du continent sur le conflit russo-ukrainien. Avant de se rendre en Russie, la d\u00e9l\u00e9gation africaine a effectu\u00e9 un d\u00e9placement sur Kiev, o\u00f9 elle a rencontr\u00e9 le pr\u00e9sident ukrainien Volodymyr Zelensky.<\/p>\n\n\n\n<p>Apr\u00e8s le Portugal, le pr\u00e9sident Macky Sall se rendra \u00e0 Paris, o\u00f9 il participera au sommet sur un nouveau pacte financier international, pr\u00e9vu les 22 et 23 juin.<\/p>\n\n\n\n<p>Le sommet pour un nouveau pacte financier mondial permettra de d\u00e9finir les principes des r\u00e9formes \u00e0 venir et de fixer une trajectoire vers un partenariat financier plus \u00e9quilibr\u00e9 entre le Sud et le Nord. Il ouvrira \u00e9galement la voie \u00e0 de nouveaux accords pour lutter contre le surendettement et permettre \u00e0 davantage de pays d\u2019acc\u00e9der aux financements dont ils ont besoin pour investir dans le d\u00e9veloppement durable, mieux pr\u00e9server la nature, faire chuter les \u00e9missions et prot\u00e9ger les populations contre la crise \u00e9cologique, l\u00e0 o\u00f9 c\u2019est le plus n\u00e9cessaire.<\/p>\n\n\n\n<p>ASG<\/p>\n","protected":false},"excerpt":{"rendered":"<p>Dakar, (APS) \u2013 Le pr\u00e9sident de la R\u00e9publique, Macky Sall, est arriv\u00e9 dimanche apr\u00e8s-midi \u00e0 Lisbonne (Portugal) dans le cadre<\/p>\n","protected":false},"author":1,"featured_media":14408,"comment_status":"open","ping_status":"open","sticky":false,"template":"","format":"standard","meta":{"footnotes":""},"categories":[6],"tags":[],"class_list":["post-14407","post","type-post","status-publish","format-standard","has-post-thumbnail","hentry","category-politics"],"_links":{"self":[{"href":"https:\/\/dekkbi.com\/index.php?rest_route=\/wp\/v2\/posts\/14407","targetHints":{"allow":["GET"]}}],"collection":[{"href":"https:\/\/dekkbi.com\/index.php?rest_route=\/wp\/v2\/posts"}],"about":[{"href":"https:\/\/dekkbi.com\/index.php?rest_route=\/wp\/v2\/types\/post"}],"author":[{"embeddable":true,"href":"https:\/\/dekkbi.com\/index.php?rest_route=\/wp\/v2\/users\/1"}],"replies":[{"embeddable":true,"href":"https:\/\/dekkbi.com\/index.php?rest_route=%2Fwp%2Fv2%2Fcomments&post=14407"}],"version-history":[{"count":1,"href":"https:\/\/dekkbi.com\/index.php?rest_route=\/wp\/v2\/posts\/14407\/revisions"}],"predecessor-version":[{"id":14409,"href":"https:\/\/dekkbi.com\/index.php?rest_route=\/wp\/v2\/posts\/14407\/revisions\/14409"}],"wp:featuredmedia":[{"embeddable":true,"href":"https:\/\/dekkbi.com\/index.php?rest_route=\/wp\/v2\/media\/14408"}],"wp:attachment":[{"href":"https:\/\/dekkbi.com\/index.php?rest_route=%2Fwp%2Fv2%2Fmedia&parent=14407"}],"wp:term":[{"taxonomy":"category","embeddable":true,"href":"https:\/\/dekkbi.com\/index.php?rest_route=%2Fwp%2Fv2%2Fcategories&post=14407"},{"taxonomy":"post_tag","embeddable":true,"href":"https:\/\/dekkbi.com\/index.php?rest_route=%2Fwp%2Fv2%2Ftags&post=14407"}],"curies":[{"name":"wp","href":"https:\/\/api.w.org\/{rel}","templated":true}]}}