{"id":14395,"date":"2023-06-19T10:51:07","date_gmt":"2023-06-19T10:51:07","guid":{"rendered":"https:\/\/dekkbi.com\/?p=14395"},"modified":"2023-06-19T10:51:43","modified_gmt":"2023-06-19T10:51:43","slug":"lonu-va-adopter-le-traite-historique-pour-proteger-la-haute-mer","status":"publish","type":"post","link":"https:\/\/dekkbi.com\/?p=14395","title":{"rendered":"L\u2019ONU va adopter le trait\u00e9 historique pour prot\u00e9ger la haute mer"},"content":{"rendered":"\n<p>Il leur a fallu quinze ann\u00e9es de discussions et quatre ann\u00e9es de n\u00e9gociation. Les \u00c9tats membres de l\u2019ONU s\u2019\u00e9taient finalement mis d\u2019accord sur un texte en mars dernier pour prot\u00e9ger la haute mer. C\u2019est ce 19 juin que ce trait\u00e9 doit \u00eatre adopt\u00e9. Il vise \u00e0 contrecarrer les menaces qui p\u00e8sent sur l\u2019oc\u00e9an et encadrer son exploitation.<\/p>\n\n\n\n<p><em>Avec notre correspondante \u00e0 New-York,\u00a0<\/em><strong>Carrie Nooten<\/strong> &#8211; RFI<\/p>\n\n\n\n<p>La haute mer, c\u2019est 60\u00a0% de la surface des oc\u00e9ans, 95\u2009% de leurs volumes et des \u00e9cosyst\u00e8mes menac\u00e9s par le changement climatique, les pollutions et la surp\u00eache. C\u2019est aussi une ressource strat\u00e9gique pour l\u2019humanit\u00e9 : elle fournit la moiti\u00e9 de l\u2019oxyg\u00e8ne que les humains respirent et absorbe une grande partie du CO2 \u00e9mis. Pourtant, elle a longtemps \u00e9t\u00e9 ignor\u00e9e, n\u2019\u00e9tant sous la juridiction d\u2019aucun \u00c9tat. Ce trait\u00e9 cr\u00e9e ainsi de nouvelles aires marines prot\u00e9g\u00e9es.<\/p>\n\n\n\n<p>Le premier objectif est de prot\u00e9ger au moins 30\u2009% des oc\u00e9ans d&rsquo;ici \u00e0 2030. Deuxi\u00e8mement, le trait\u00e9 oblige l\u2019\u00e9tude de l\u2019impact des activit\u00e9s envisag\u00e9es en haute mer &#8211; que ce soit la p\u00eache, l\u2019exploitation mini\u00e8re sous-marine ou la g\u00e9o-ing\u00e9nierie.<\/p>\n","protected":false},"excerpt":{"rendered":"<p>Il leur a fallu quinze ann\u00e9es de discussions et quatre ann\u00e9es de n\u00e9gociation. Les \u00c9tats membres de l\u2019ONU s\u2019\u00e9taient finalement<\/p>\n","protected":false},"author":1,"featured_media":14397,"comment_status":"open","ping_status":"open","sticky":false,"template":"","format":"standard","meta":{"footnotes":""},"categories":[51],"tags":[],"class_list":["post-14395","post","type-post","status-publish","format-standard","has-post-thumbnail","hentry","category-general"],"_links":{"self":[{"href":"https:\/\/dekkbi.com\/index.php?rest_route=\/wp\/v2\/posts\/14395","targetHints":{"allow":["GET"]}}],"collection":[{"href":"https:\/\/dekkbi.com\/index.php?rest_route=\/wp\/v2\/posts"}],"about":[{"href":"https:\/\/dekkbi.com\/index.php?rest_route=\/wp\/v2\/types\/post"}],"author":[{"embeddable":true,"href":"https:\/\/dekkbi.com\/index.php?rest_route=\/wp\/v2\/users\/1"}],"replies":[{"embeddable":true,"href":"https:\/\/dekkbi.com\/index.php?rest_route=%2Fwp%2Fv2%2Fcomments&post=14395"}],"version-history":[{"count":1,"href":"https:\/\/dekkbi.com\/index.php?rest_route=\/wp\/v2\/posts\/14395\/revisions"}],"predecessor-version":[{"id":14396,"href":"https:\/\/dekkbi.com\/index.php?rest_route=\/wp\/v2\/posts\/14395\/revisions\/14396"}],"wp:featuredmedia":[{"embeddable":true,"href":"https:\/\/dekkbi.com\/index.php?rest_route=\/wp\/v2\/media\/14397"}],"wp:attachment":[{"href":"https:\/\/dekkbi.com\/index.php?rest_route=%2Fwp%2Fv2%2Fmedia&parent=14395"}],"wp:term":[{"taxonomy":"category","embeddable":true,"href":"https:\/\/dekkbi.com\/index.php?rest_route=%2Fwp%2Fv2%2Fcategories&post=14395"},{"taxonomy":"post_tag","embeddable":true,"href":"https:\/\/dekkbi.com\/index.php?rest_route=%2Fwp%2Fv2%2Ftags&post=14395"}],"curies":[{"name":"wp","href":"https:\/\/api.w.org\/{rel}","templated":true}]}}