{"id":14378,"date":"2023-06-19T10:06:24","date_gmt":"2023-06-19T10:06:24","guid":{"rendered":"https:\/\/dekkbi.com\/?p=14378"},"modified":"2023-06-19T10:06:26","modified_gmt":"2023-06-19T10:06:26","slug":"tabaski-amadou-ba-constate-un-excedent-de-20-000-moutons-a-12-jours-de-la-fete","status":"publish","type":"post","link":"https:\/\/dekkbi.com\/?p=14378","title":{"rendered":"Tabaski\u00a0: Amadou Ba constate un exc\u00e9dent de 20.000 moutons \u00e0 12 jours de la f\u00eate"},"content":{"rendered":"\n<p>Le S\u00e9n\u00e9gal a enregistr\u00e9 un exc\u00e9dent de 20.000 moutons \u00e0 une douzaine&nbsp;de jours de la Tabaski, compar\u00e9 \u00e0 la m\u00eame p\u00e9riode de l\u2019ann\u00e9e derni\u00e8re, a indiqu\u00e9 samedi \u00e0 S\u00e9w\u00e9khaye, le Premier ministre Amadou B\u00e2, ministre de l\u2019Elevage et des Productions animales.<\/p>\n\n\n\n<p>&nbsp;\u00ab&nbsp;A 12 jours de la Tabaski, nous avons un exc\u00e9dent de 20.000 moutons sur le territoire national, par rapport \u00e0 l\u2019ann\u00e9e derni\u00e8re&nbsp;\u00bb, a-t-dit, estimant que la situation est \u00ab&nbsp;tr\u00e8s appr\u00e9ciable&nbsp;\u00bb.<\/p>\n\n\n\n<p>Amadou B\u00e2 qui a aussi en charge le portefeuille de l\u2019Elevage, a visit\u00e9 les march\u00e9s \u00e0 b\u00e9tail de Sandiara, Touba Toul et S\u00e9w\u00e9khaye, pour constater de visu le niveau d\u2019approvisionnement en moutons de Tabaski.<\/p>\n\n\n\n<p>Vu sa position, Thi\u00e8s est une \u00ab&nbsp;r\u00e9gion d\u2019\u00e9clatement&nbsp;\u00bb, a dit le chef du gouvernement, relevant aussi que c\u2019est une zone de grande consommation en moutons de Tabaski.<\/p>\n\n\n\n<p>Il s\u2019est dit \u00ab&nbsp;rassur\u00e9&nbsp;\u00bb par ce qu\u2019il a vu sur place.<\/p>\n\n\n\n<p>Les besoins nationaux en moutons de Tabaski sont estim\u00e9s \u00e0 810.000 moutons, dont 260.000 pour la r\u00e9gion de Dakar, a-t-il fait valoir.<\/p>\n\n\n\n<p>&nbsp;\u00bbNous sommes sur un bon train&nbsp;\u00bb, s\u2019est r\u00e9joui le chef du gouvernement, qui \u00e9tait en compagnie des ministres Abdou Karim Fofana, du Commerce et Samba Ndiob\u00e8ne K\u00e2 du D\u00e9veloppement communautaire, ainsi que de responsables d\u2019organisations d\u2019\u00e9leveurs.<\/p>\n\n\n\n<p>Il a expliqu\u00e9 le fait qu\u2019il y a un exc\u00e9dent dans la r\u00e9gion de Thi\u00e8s, pendant que la capitale enregistre un d\u00e9ficit, par le &nbsp;\u00bbmanque d\u2019espace&nbsp;\u00bb \u00e0 Dakar.<\/p>\n\n\n\n<p>L\u2019autre raison a-t-il ajout\u00e9, est que les Dakarois attendent le dernier moment pour acheter leurs b\u00eates, pour les entretenir le moins de temps possible, les aliments de b\u00e9tail y co\u00fbtant plus cher.<\/p>\n\n\n\n<p>Selon lui, le gouvernement a d\u00e9j\u00e0&nbsp; consenti une subvention de 300 millions de FCFA pour r\u00e9duire le prix de l\u2019aliment de b\u00e9tail et envisage de d\u00e9gager le m\u00eame montant dans les prochains jours.<\/p>\n\n\n\n<p>Il a salu\u00e9, par ailleurs, la pr\u00e9sence des forces de s\u00e9curit\u00e9 sur l\u2019ensemble des points de vente visit\u00e9s, et o\u00f9 la question de la s\u00e9curit\u00e9 a \u00e9t\u00e9 \u00e9voqu\u00e9e.<\/p>\n\n\n\n<p>Amadou B\u00e2 a dit avoir saisi le ministre de l\u2019Int\u00e9rieur pour que des dispositions additionnelles soient prises, en plus de l\u2019\u00e9clairage, la disponibilit\u00e9 de l\u2019eau et de l\u2019aliment de b\u00e9tail.<\/p>\n\n\n\n<p>A Touba Toul, le maire Maguette Di\u00e8te a not\u00e9 une &nbsp;\u00bb\u00e9volution exponentielle&nbsp;\u00bb du nombre de moutons, suite \u00e0 la d\u00e9localisation du foirail de l\u2019int\u00e9rieur de la commune vers la nouvelle gare routi\u00e8re situ\u00e9e pr\u00e8s de l\u2019autoroute \u00e0 p\u00e9age.<\/p>\n\n\n\n<p>De 14.250 t\u00eates \u00e0 12 jours de la f\u00eate, en 2021, derni\u00e8re ann\u00e9e avant la d\u00e9localisation, on est pass\u00e9 \u00e0 18 350 t\u00eates \u00e0 la m\u00eame p\u00e9riode, cette ann\u00e9e. En 2022, ce chiffres \u00e9tait de 17.750 moutons.<\/p>\n\n\n\n<p>La particularit\u00e9 de Touba Toul est qu\u2019il concentre des moutons \u00e9lev\u00e9s de mani\u00e8re intensive. Dans la zone, les populations \u00e9l\u00e8vent des moutons dans toutes les maisons, a-t-il dit.<\/p>\n\n\n\n<p>Harouna Gallo B\u00e2, pr\u00e9sident de l\u2019Union nationale des organisations d\u2019\u00e9leveurs du S\u00e9n\u00e9gal (UNOES), a not\u00e9 que les moutons continuent d\u2019arriver du Mali, de la Mauritanie et du Burkina Faso, en plus des sujets venus des grandes zones d\u2019\u00e9levage du pays. L\u2019UNOES travaille \u00e0 &nbsp;\u00bb\u00e9quilibrer&nbsp;\u00bb l\u2019approvisionnement en moutons \u00e0 travers le pays, a-t-il dit.<\/p>\n\n\n\n<p>Le ministre du Commerce Abdou Karim Fofana a invit\u00e9 les \u00e9leveurs \u00e0 r\u00e9percuter les subventions de l\u2019Etat sur l\u2019aliment de b\u00e9tail, sur les prix appliqu\u00e9s.<\/p>\n\n\n\n<p>Ces derniers sont jug\u00e9s chers par beaucoup d\u2019acheteurs, m\u00eame si les autorit\u00e9s trouvent qu\u2019il y en a pour toutes les bourses.<\/p>\n\n\n\n<p>Un vendeur interrog\u00e9 par l\u2019APS \u00e0 Touba Toul, note qu\u2019un mouton de gabarit moyen se vend \u00e0 partir de 100.000 francs CFA.<\/p>\n\n\n\n<p><strong>Avec APS<\/strong><\/p>\n","protected":false},"excerpt":{"rendered":"<p>Le S\u00e9n\u00e9gal a enregistr\u00e9 un exc\u00e9dent de 20.000 moutons \u00e0 une douzaine&nbsp;de jours de la Tabaski, compar\u00e9 \u00e0 la m\u00eame<\/p>\n","protected":false},"author":1,"featured_media":14379,"comment_status":"open","ping_status":"open","sticky":false,"template":"","format":"standard","meta":{"footnotes":""},"categories":[3],"tags":[],"class_list":["post-14378","post","type-post","status-publish","format-standard","has-post-thumbnail","hentry","category-event-more-news"],"_links":{"self":[{"href":"https:\/\/dekkbi.com\/index.php?rest_route=\/wp\/v2\/posts\/14378","targetHints":{"allow":["GET"]}}],"collection":[{"href":"https:\/\/dekkbi.com\/index.php?rest_route=\/wp\/v2\/posts"}],"about":[{"href":"https:\/\/dekkbi.com\/index.php?rest_route=\/wp\/v2\/types\/post"}],"author":[{"embeddable":true,"href":"https:\/\/dekkbi.com\/index.php?rest_route=\/wp\/v2\/users\/1"}],"replies":[{"embeddable":true,"href":"https:\/\/dekkbi.com\/index.php?rest_route=%2Fwp%2Fv2%2Fcomments&post=14378"}],"version-history":[{"count":1,"href":"https:\/\/dekkbi.com\/index.php?rest_route=\/wp\/v2\/posts\/14378\/revisions"}],"predecessor-version":[{"id":14380,"href":"https:\/\/dekkbi.com\/index.php?rest_route=\/wp\/v2\/posts\/14378\/revisions\/14380"}],"wp:featuredmedia":[{"embeddable":true,"href":"https:\/\/dekkbi.com\/index.php?rest_route=\/wp\/v2\/media\/14379"}],"wp:attachment":[{"href":"https:\/\/dekkbi.com\/index.php?rest_route=%2Fwp%2Fv2%2Fmedia&parent=14378"}],"wp:term":[{"taxonomy":"category","embeddable":true,"href":"https:\/\/dekkbi.com\/index.php?rest_route=%2Fwp%2Fv2%2Fcategories&post=14378"},{"taxonomy":"post_tag","embeddable":true,"href":"https:\/\/dekkbi.com\/index.php?rest_route=%2Fwp%2Fv2%2Ftags&post=14378"}],"curies":[{"name":"wp","href":"https:\/\/api.w.org\/{rel}","templated":true}]}}