{"id":14358,"date":"2023-06-19T09:26:37","date_gmt":"2023-06-19T09:26:37","guid":{"rendered":"https:\/\/dekkbi.com\/?p=14358"},"modified":"2023-06-19T09:26:38","modified_gmt":"2023-06-19T09:26:38","slug":"demission-ou-mise-a-lecart-pourquoi-khalifa-etait-absent-de-la-conference-de-presse-de-yewwi","status":"publish","type":"post","link":"https:\/\/dekkbi.com\/?p=14358","title":{"rendered":"D\u00e9mission ou mise \u00e0 l\u2019\u00e9cart : Pourquoi Khalifa \u00e9tait absent de la conf\u00e9rence de presse de Yewwi\u00a0"},"content":{"rendered":"\n<p>iGFM &#8211; (Dakar) Khalifa Sall n\u2019a pas pris part \u00e0 la derni\u00e8re conf\u00e9rence de presse de Yewwi Askan Wi. Beaucoup y voyaient un retrait ou une d\u00e9mission. Son conseiller politique, Moussa Taye, sur les ondes de la Rfm, a d\u00e9voil\u00e9 les raisons de cette absence. Ci-dessous sa version.<\/p>\n\n\n\n<p>\u00abLe pr\u00e9sident Habib Sy est habilit\u00e9 \u00e0 convoquer un leader en cas de r\u00e9union. Je l\u2019ai entendu dire qu\u2019il pr\u00e9sentait les excuses de Madame Aida Mbodj \u00a0et de Ousmane Sonko. Mais Habib Sy n\u2019a pas convoqu\u00e9 Khalifa Sall \u00e0 la r\u00e9union. En tant que pr\u00e9sident de la conf\u00e9rence des leaders, il lui appartient de convoquer tous les leaders. Et s\u2019il ne le fait pas, il manque \u00e0 ses obligations.\u00bb<br><br><strong>Le probl\u00e8me de Yewwi selon lui<\/strong><br><br>\u00abLe probl\u00e8me de Yewwi Askan Wi est un probl\u00e8me de mangement. C\u2019est un manque de charisme pour diriger Yewwi Askan Wi. Habib Sy est devenu pr\u00e9sident parce qu\u2019on a modifi\u00e9 la charte (de Yewwi). Initialement dans la charte, il \u00e9tait dit que seuls Taxawu, Pastef et Pur peuvent diriger la conf\u00e9rence des leaders. Il a fallu modifier la charte pour que Habib Sy soit pr\u00e9sident. Il a \u00e9t\u00e9 choisi pour son \u00e2ge, son exp\u00e9rience et son manque d\u2019ambition par rapport \u00e0 la pr\u00e9sidentielle. Il n\u2019est pas candidat \u00e0 la pr\u00e9sidentielle. Mais \u00e0 l\u2019arriv\u00e9e on se rend compte qu\u2019il manque de charisme pour diriger Yewwi.\u00bb<\/p>\n\n\n\n<p><\/p>\n\n\n\n<p><\/p>\n","protected":false},"excerpt":{"rendered":"<p>iGFM &#8211; (Dakar) Khalifa Sall n\u2019a pas pris part \u00e0 la derni\u00e8re conf\u00e9rence de presse de Yewwi Askan Wi. Beaucoup<\/p>\n","protected":false},"author":1,"featured_media":13981,"comment_status":"open","ping_status":"open","sticky":false,"template":"","format":"standard","meta":{"footnotes":""},"categories":[6],"tags":[],"class_list":["post-14358","post","type-post","status-publish","format-standard","has-post-thumbnail","hentry","category-politics"],"_links":{"self":[{"href":"https:\/\/dekkbi.com\/index.php?rest_route=\/wp\/v2\/posts\/14358","targetHints":{"allow":["GET"]}}],"collection":[{"href":"https:\/\/dekkbi.com\/index.php?rest_route=\/wp\/v2\/posts"}],"about":[{"href":"https:\/\/dekkbi.com\/index.php?rest_route=\/wp\/v2\/types\/post"}],"author":[{"embeddable":true,"href":"https:\/\/dekkbi.com\/index.php?rest_route=\/wp\/v2\/users\/1"}],"replies":[{"embeddable":true,"href":"https:\/\/dekkbi.com\/index.php?rest_route=%2Fwp%2Fv2%2Fcomments&post=14358"}],"version-history":[{"count":1,"href":"https:\/\/dekkbi.com\/index.php?rest_route=\/wp\/v2\/posts\/14358\/revisions"}],"predecessor-version":[{"id":14359,"href":"https:\/\/dekkbi.com\/index.php?rest_route=\/wp\/v2\/posts\/14358\/revisions\/14359"}],"wp:featuredmedia":[{"embeddable":true,"href":"https:\/\/dekkbi.com\/index.php?rest_route=\/wp\/v2\/media\/13981"}],"wp:attachment":[{"href":"https:\/\/dekkbi.com\/index.php?rest_route=%2Fwp%2Fv2%2Fmedia&parent=14358"}],"wp:term":[{"taxonomy":"category","embeddable":true,"href":"https:\/\/dekkbi.com\/index.php?rest_route=%2Fwp%2Fv2%2Fcategories&post=14358"},{"taxonomy":"post_tag","embeddable":true,"href":"https:\/\/dekkbi.com\/index.php?rest_route=%2Fwp%2Fv2%2Ftags&post=14358"}],"curies":[{"name":"wp","href":"https:\/\/api.w.org\/{rel}","templated":true}]}}