{"id":14350,"date":"2023-06-18T13:38:32","date_gmt":"2023-06-18T13:38:32","guid":{"rendered":"https:\/\/dekkbi.com\/?p=14350"},"modified":"2023-06-18T13:38:32","modified_gmt":"2023-06-18T13:38:32","slug":"le-mali-demande-le-retrait-sans-delai-de-la-mission-de-lonu","status":"publish","type":"post","link":"https:\/\/dekkbi.com\/?p=14350","title":{"rendered":"Le Mali demande le \u00ab\u00a0retrait sans d\u00e9lai\u00a0\u00bb de la mission de l&rsquo;ONU"},"content":{"rendered":"\n<p>Devant le Conseil de s\u00e9curit\u00e9 de l&rsquo;ONU, le chef de la diplomatie malienne a demand\u00e9, vendredi 16 juin, le retrait sans d\u00e9lai de la mission des Nations unies au Mali (Minusma).Le ministre malien des Affaires \u00e9trang\u00e8res a demand\u00e9 vendredi devant le Conseil de s\u00e9curit\u00e9 de l&rsquo;ONU le \u00ab\u00a0retrait sans d\u00e9lai\u00a0\u00bb de la mission des Nations unies dans son pays (Minusma), dont il a d\u00e9nonc\u00e9 \u00ab\u00a0l&rsquo;\u00e9chec\u00a0\u00bb pour r\u00e9pondre au d\u00e9fi s\u00e9curitaire.<\/p>\n\n\n\n<p>\u00ab\u00a0Le r\u00e9alisme impose le constat de l&rsquo;\u00e9chec de la Minusma dont le mandat ne r\u00e9pond pas au d\u00e9fi s\u00e9curitaire\u00a0\u00bb, a d\u00e9clar\u00e9 Abdoulaye Diop devant les membres du Conseil qui doivent se prononcer le 29 juin sur un renouvellement du mandat de la mission de maintien de la paix qui expire le 30 juin.<\/p>\n","protected":false},"excerpt":{"rendered":"<p>Devant le Conseil de s\u00e9curit\u00e9 de l&rsquo;ONU, le chef de la diplomatie malienne a demand\u00e9, vendredi 16 juin, le retrait<\/p>\n","protected":false},"author":1,"featured_media":3723,"comment_status":"open","ping_status":"open","sticky":false,"template":"","format":"standard","meta":{"footnotes":""},"categories":[6],"tags":[],"class_list":["post-14350","post","type-post","status-publish","format-standard","has-post-thumbnail","hentry","category-politics"],"_links":{"self":[{"href":"https:\/\/dekkbi.com\/index.php?rest_route=\/wp\/v2\/posts\/14350","targetHints":{"allow":["GET"]}}],"collection":[{"href":"https:\/\/dekkbi.com\/index.php?rest_route=\/wp\/v2\/posts"}],"about":[{"href":"https:\/\/dekkbi.com\/index.php?rest_route=\/wp\/v2\/types\/post"}],"author":[{"embeddable":true,"href":"https:\/\/dekkbi.com\/index.php?rest_route=\/wp\/v2\/users\/1"}],"replies":[{"embeddable":true,"href":"https:\/\/dekkbi.com\/index.php?rest_route=%2Fwp%2Fv2%2Fcomments&post=14350"}],"version-history":[{"count":1,"href":"https:\/\/dekkbi.com\/index.php?rest_route=\/wp\/v2\/posts\/14350\/revisions"}],"predecessor-version":[{"id":14351,"href":"https:\/\/dekkbi.com\/index.php?rest_route=\/wp\/v2\/posts\/14350\/revisions\/14351"}],"wp:featuredmedia":[{"embeddable":true,"href":"https:\/\/dekkbi.com\/index.php?rest_route=\/wp\/v2\/media\/3723"}],"wp:attachment":[{"href":"https:\/\/dekkbi.com\/index.php?rest_route=%2Fwp%2Fv2%2Fmedia&parent=14350"}],"wp:term":[{"taxonomy":"category","embeddable":true,"href":"https:\/\/dekkbi.com\/index.php?rest_route=%2Fwp%2Fv2%2Fcategories&post=14350"},{"taxonomy":"post_tag","embeddable":true,"href":"https:\/\/dekkbi.com\/index.php?rest_route=%2Fwp%2Fv2%2Ftags&post=14350"}],"curies":[{"name":"wp","href":"https:\/\/api.w.org\/{rel}","templated":true}]}}