{"id":14289,"date":"2023-06-16T11:04:12","date_gmt":"2023-06-16T11:04:12","guid":{"rendered":"https:\/\/dekkbi.com\/?p=14289"},"modified":"2023-06-16T11:05:12","modified_gmt":"2023-06-16T11:05:12","slug":"affaire-de-recrutement-des-nervis-lors-des-manifestations-pastef-lance-une-petition-pour-la-dissolution-de-lapr","status":"publish","type":"post","link":"https:\/\/dekkbi.com\/?p=14289","title":{"rendered":"Recrutement des nervis lors des manifestations: Pastef lance une p\u00e9tition pour la dissolution de l\u2019Apr"},"content":{"rendered":"\n<p><strong>Le Bureau politique national de Pastef appelle \u00e0 la \u00ab&nbsp;dissolution imm\u00e9diate sans pr\u00e9avis&nbsp;\u00bb du parti au pouvoir, l\u2019Alliance pour la R\u00e9publique (Apr) \u00e0 travers une p\u00e9tition lanc\u00e9e en ligne. Dans une d\u00e9claration rendue publique hier, jeudi 15 juin, les camarades du maire de Ziguinchor ont accus\u00e9 leurs adversaires d\u2019avoir \u00ab&nbsp;utilis\u00e9\u0301 une milice arm\u00e9e d\u2019armes de guerre pour intervenir dans le maintien de l\u2019ordre aux c\u00f4t\u00e9s des forces de s\u00e9curit\u00e9\u0301&nbsp;\u00bb lors des manifestations des mois de mars 2021 et juin 2023 en violation de la Loi relative aux partis politiques.<\/strong><\/p>\n\n\n\n<p>D\u00e9cid\u00e9ment, la bipolarisation de la vie politique entre le parti au pouvoir, l\u2019Alliance pour la R\u00e9publique (Apr) et Pastef-les patriotes, formation politique de son principal opposant, Ousmane Sonko, n\u2019est pas partie pour prendre fin de sit\u00f4t. Hier, dans un communiqu\u00e9 rendu public, les camarades du maire de Ziguinchor actuellement en r\u00e9sidence surveill\u00e9e depuis plus de deux semaines sont mont\u00e9s au cr\u00e9neau pour demander la dissolution du parti au pouvoir \u00e0 travers une p\u00e9tition lanc\u00e9e en ligne. Dans ce texte dont une copie nous est transmise, le Bureau politique national de Pastef accuse l\u2019Apr d\u2019avoir \u00ab&nbsp;utilis\u00e9\u0301 une milice arm\u00e9e d\u2019armes de guerre pour intervenir dans le maintien de l\u2019ordre aux c\u00f4t\u00e9s des forces de s\u00e9curit\u00e9\u0301&nbsp;\u00bb lors des manifestations des mois de mars 2021 et juin 2023.<\/p>\n\n\n\n<p>Pour justifier leurs accusations, les camarades de Sonko \u00e9voquent entre autres, \u00ab&nbsp;des t\u00e9moignages concordants, corrobor\u00e9s par des enqu\u00eat\u00e9s ind\u00e9pendantes de m\u00e9dias locaux et internationaux, bas\u00e9es sur des vid\u00e9os explicites&nbsp;\u00bb. Des \u00ab&nbsp;documents d\u2019organisations de d\u00e9fense des droits de l\u2019homme&nbsp;\u00bb qui selon eux, ont \u00ab&nbsp;montr\u00e9\u0301 que ces groupes arm\u00e9s avaient pour camp de base le si\u00e8ge de l\u2019Apr sis \u00e0 Ouakam o\u00f9 \u00e9taient stationn\u00e9s plusieurs dizaines de pickups servant \u00e0 leur d\u00e9ploiement sur le terrain&nbsp;\u00bb. Mais aussi que le \u00ab&nbsp;Porte-parole de l\u2019APR, Mr Seydou Gu\u00e8ye, interrog\u00e9 par la chaine TV5, a reconnu explicitement que ces milices et nervis entaient des \u00ab Volontaires \u00bb qui se sont d\u00e9ploy\u00e9s spontan\u00e9ment pour d\u00e9fendre l\u2019Apr et les institutions de la R\u00e9publique&nbsp;\u00bb.<\/p>\n\n\n\n<p>Pour toutes ces raisons, le Bureau politique national de Pastef d\u00e9clare&nbsp; que \u00ab&nbsp;l\u2019intervention coordonn\u00e9e, violente et sanglante&nbsp;\u00bb de ces milices de l\u2019Apr \u00ab&nbsp;ont occasionn\u00e9 des dommages corporels, des mutilations, des tortures et des d\u00e9c\u00e8s par balles de manifestants&nbsp;\u00bb. \u00ab Il est manifeste, que ces nervis ont \u00e9t\u00e9 recrut\u00e9s, employ\u00e9s, arm\u00e9s, dot\u00e9s de moyens logistiques et pay\u00e9s par l\u2019Apr pour semer la mort et la terreur sur les manifestants. Il n\u2019est plus contestable, que ces nervis d\u00e9ploy\u00e9s par l\u2019Apr se sont immisc\u00e9s dans les fonctions r\u00e9galiennes du maintien de l\u2019ordre et ont usurp\u00e9 les comp\u00e9tences des forces de s\u00e9curit\u00e9\u0301 en violation totale des lois et r\u00e8glements&nbsp;\u00bb, ajoute encore le Bureau politique national de Pastef avant de d\u00e9clarer. \u00ab&nbsp;Eu \u00e9gard \u00e0 tout ce qui pr\u00e9c\u00e8de, l\u2019Apr a viol\u00e9\u0301 de fa\u00e7on manifeste et volontaire ses obligations l\u00e9gales d\u00e9finies par la loi n\u2022 81-17 du 6 mai 1981 relative aux partis politiques modifi\u00e9e par la loi n\u202289-36 du 12 octobre 1989, et nous appelons \u00e0 sa dissolution imm\u00e9diate sans pr\u00e9avis&nbsp;\u00bb.<\/p>\n\n\n\n<p><strong>NANDO CABRAL GOMIS<\/strong><\/p>\n\n\n\n<p>SUDQUOTIDIEN<\/p>\n","protected":false},"excerpt":{"rendered":"<p>Le Bureau politique national de Pastef appelle \u00e0 la \u00ab&nbsp;dissolution imm\u00e9diate sans pr\u00e9avis&nbsp;\u00bb du parti au pouvoir, l\u2019Alliance pour la<\/p>\n","protected":false},"author":1,"featured_media":14290,"comment_status":"open","ping_status":"open","sticky":false,"template":"","format":"standard","meta":{"footnotes":""},"categories":[26],"tags":[],"class_list":["post-14289","post","type-post","status-publish","format-standard","has-post-thumbnail","hentry","category-fait-divers"],"_links":{"self":[{"href":"https:\/\/dekkbi.com\/index.php?rest_route=\/wp\/v2\/posts\/14289","targetHints":{"allow":["GET"]}}],"collection":[{"href":"https:\/\/dekkbi.com\/index.php?rest_route=\/wp\/v2\/posts"}],"about":[{"href":"https:\/\/dekkbi.com\/index.php?rest_route=\/wp\/v2\/types\/post"}],"author":[{"embeddable":true,"href":"https:\/\/dekkbi.com\/index.php?rest_route=\/wp\/v2\/users\/1"}],"replies":[{"embeddable":true,"href":"https:\/\/dekkbi.com\/index.php?rest_route=%2Fwp%2Fv2%2Fcomments&post=14289"}],"version-history":[{"count":2,"href":"https:\/\/dekkbi.com\/index.php?rest_route=\/wp\/v2\/posts\/14289\/revisions"}],"predecessor-version":[{"id":14292,"href":"https:\/\/dekkbi.com\/index.php?rest_route=\/wp\/v2\/posts\/14289\/revisions\/14292"}],"wp:featuredmedia":[{"embeddable":true,"href":"https:\/\/dekkbi.com\/index.php?rest_route=\/wp\/v2\/media\/14290"}],"wp:attachment":[{"href":"https:\/\/dekkbi.com\/index.php?rest_route=%2Fwp%2Fv2%2Fmedia&parent=14289"}],"wp:term":[{"taxonomy":"category","embeddable":true,"href":"https:\/\/dekkbi.com\/index.php?rest_route=%2Fwp%2Fv2%2Fcategories&post=14289"},{"taxonomy":"post_tag","embeddable":true,"href":"https:\/\/dekkbi.com\/index.php?rest_route=%2Fwp%2Fv2%2Ftags&post=14289"}],"curies":[{"name":"wp","href":"https:\/\/api.w.org\/{rel}","templated":true}]}}