{"id":14286,"date":"2023-06-16T10:55:41","date_gmt":"2023-06-16T10:55:41","guid":{"rendered":"https:\/\/dekkbi.com\/?p=14286"},"modified":"2023-06-16T10:55:43","modified_gmt":"2023-06-16T10:55:43","slug":"mbour-lutte-contre-la-mortalite-maternelle-le-taux-reduit-de-60","status":"publish","type":"post","link":"https:\/\/dekkbi.com\/?p=14286","title":{"rendered":"#Mbour \u2013 Lutte contre la mortalit\u00e9 maternelle: Le taux r\u00e9duit de 60%"},"content":{"rendered":"\n<p><strong>Gr\u00e2ce aux nombreux programmes et l\u2019appui des autorit\u00e9s et des partenaires, la mortalit\u00e9 maternelle est en chute libre avec une r\u00e9duction du taux de 60% ces 20 derni\u00e8res ann\u00e9es. En outre, la mortalit\u00e9 n\u00e9onatale et la mortalit\u00e9 infanto-juv\u00e9nile sont respectivement pass\u00e9es de 29 pour 1000 naissances vivantes \u00e0 un taux de 21 pour 1000 naissances vivantes et de 67 pour 1000 naissances vivantes \u00e0 37 pour 1000 naissances vivantes. De 2012 \u00e0 2019.<\/strong><\/p>\n\n\n\n<p><strong>Par Alioune Badara CISS&nbsp; \u2013&nbsp;<\/strong>Le S\u00e9n\u00e9gal a enregistr\u00e9 un tr\u00e8s grand bond en avant dans la lutte contre la mortalit\u00e9 maternelle ces derni\u00e8res ann\u00e9es. De 2000 \u00e0 2020, le taux de mortalit\u00e9 a \u00e9t\u00e9 r\u00e9duit de 60%. Des r\u00e9sultats obtenus gr\u00e2ce au Plan quinquennal de lutte pour la Sant\u00e9 de la m\u00e8re, du nouveau-n\u00e9, de l\u2019enfant, de l\u2019adolescent et des jeunes (Srmnia) dont la derni\u00e8re date de la p\u00e9riode 2016-2020. Ainsi, pour \u00e9laborer le nouveau plan qui doit couvrir la p\u00e9riode 2023-2027, Amref West Africa, dans le cadre de la s\u00e9rie d\u2019activit\u00e9s pr\u00e9vues pour renforcer le processus inclusif d\u2019\u00e9laboration du plan Srmnia 2023-2027, organise, depuis hier \u00e0 Saly, en collaboration avec la Direction de la sant\u00e9, de la m\u00e8re et de l\u2019enfant (Dsme) au niveau du minist\u00e8re de la Sant\u00e9, un atelier de partage et plaidoyer avec les parlementaires de la Com\u00admission sant\u00e9. Selon le patron de la Dsme, la situation de la sant\u00e9 de la m\u00e8re et de l\u2019enfant&nbsp;se porte tr\u00e8s bien au S\u00e9n\u00e9gal. Il en veut pour preuves les r\u00e9sultats obtenus ces 10 derni\u00e8res ann\u00e9es.&nbsp;\u00abLe S\u00e9n\u00e9gal, qui a fait de la sant\u00e9 de la m\u00e8re et de l\u2019enfant une priorit\u00e9, a fait de grands progr\u00e8s en termes de r\u00e9duction de la mortalit\u00e9 maternelle, n\u00e9onatale, infantile et de l\u2019adolescent. Entre 2000 et 2020, le taux de r\u00e9duction de la mortalit\u00e9 maternelle est de 60%, alors que dans le monde nous sommes \u00e0 un taux de 33%. Au niveau de &nbsp;l\u2019Afrique, ce taux avoisine les 31%. La mortalit\u00e9 n\u00e9onatale est pass\u00e9e de 29 pour 1000 naissances vivantes en 2012 \u00e0 un taux de 21 pour 1000 naissances vivantes aujourd\u2019hui et pour la mortalit\u00e9 infanto-juv\u00e9nile, on est pass\u00e9 de 67 pour 1000 naissances vivantes en 2012 \u00e0 37 pour 1000 naissances vivantes en 2019\u00bb, d\u00e9taille Dr Ousseynou Doucour\u00e9, le Dsme. Si le S\u00e9n\u00e9gal a r\u00e9ussi \u00e0 obtenir ces r\u00e9sultats, c\u2019est gr\u00e2ce aux actes forts pos\u00e9s par le gouvernement, appuy\u00e9 par les partenaires techniques et financiers, mais surtout facilit\u00e9 par la Soci\u00e9t\u00e9 civile et le niveau communautaire, dit-il.<\/p>\n\n\n\n<p>D\u2019ail\u00adleurs, les plans quinquennaux et strat\u00e9giques de la Sant\u00e9 de la m\u00e8re, du nouveau-n\u00e9, de l\u2019enfant, de l\u2019adolescent et des jeunes dont la derni\u00e8re date de la p\u00e9riode 2016-2020, ont jou\u00e9 un r\u00f4le d\u00e9terminant dans ces r\u00e9sultats. Ainsi, dans la perspective d\u2019\u00e9laboration d\u2019un nouveau plan en sant\u00e9 reproductive, maternelle n\u00e9onatale, infantile et de l\u2019adolescent pour la p\u00e9riode 2023-2027, une rencontre avec les parlementaires a \u00e9t\u00e9 initi\u00e9e par Amref West Africa et la Dsme. \u00abIls jouent un r\u00f4le tr\u00e8s important \u00e0 travers le pilier sant\u00e9 relatif \u00e0 la gouvernance, parce que ce sont eux qui votent les lois, le budget. Donc, c\u2019est pour leur expliquer ce qui a \u00e9t\u00e9 fait durant ces quatre derni\u00e8res ann\u00e9es, mais aussi de recueillir leurs suggestions, contributions pour le prochain Plan quinquennal 2023-2027 afin que leurs pr\u00e9occupations soient prisent en compte. Donc, le but de cet atelier, c\u2019est de partager avec eux les r\u00e9sultats que nous avons obtenus par rapport au plan pr\u00e9c\u00e9dent mais aussi les perspectives par rapport au nouveau plan\u00bb, renseigne le patron de la Dsme.<\/p>\n\n\n\n<p>Pour mieux&nbsp; asseoir ce nouveau plan quinquennal, Awa Dieng, directrice Amref West Africa qui couvre actuellement le S\u00e9n\u00e9gal, la Guin\u00e9e, a rappel\u00e9 le r\u00f4le de sa structure, une organisation internationale africaine qui vise \u00e0&nbsp; renforcer les syst\u00e8mes de sant\u00e9 en travaillant avec les gouvernements et les communaut\u00e9s pour un changement durable de la sant\u00e9 en Afrique en priorisant, entre autres, la sant\u00e9 maternelle, n\u00e9onatale et infantile, la sant\u00e9 sexuelle et reproductive coordonn\u00e9es au S\u00e9n\u00e9gal par la Dsme. \u00abL\u2019objectif \u00e9tant d\u2019en faire \u00e0 terme, un mod\u00e8le de processus d\u2019\u00e9laboration de plans avec une approche Smart. Cette activit\u00e9 est d\u2019une importance capitale car com\u00adme nous le savons, l\u2019Assembl\u00e9e nationale est repr\u00e9sentative du Peuple pour le contr\u00f4le de l\u2019action gouvernementale et en ce qui concerne la Commission sant\u00e9, assurer la mise en \u0153uvre de politiques inclusives pour l\u2019am\u00e9lioration de la sant\u00e9 des populations. A travers cette activit\u00e9, nous pourrons donc avoir un plan d\u2019actions qui garantira l\u2019effectivit\u00e9 de l\u2019inclusion tout au long du processus d\u2019\u00e9laboration du plan Srmnia 2023-2027, en passant par la validation des diff\u00e9rentes activit\u00e9s, modalit\u00e9s de participation de la Soci\u00e9t\u00e9 civile\u00bb, pr\u00e9cise Mme Awa Dieng.<\/p>\n\n\n\n<p>En plus de ce projet, Amref compte se lancer dans d\u2019autres programmes, \u00e0 l\u2019instar de la lutte contre les maladies chroniques \u00e0 Tambacounda, l\u2019appui \u00e0 la vaccination au Covid-19, l\u2019\u00e9limination des violences bas\u00e9es sur le genre \u00e0 S\u00e9dhiou et Kolda, mais \u00e9galement le renforcement de capacit\u00e9s des adolescents (Power to Youth) et la prise en compte de leurs besoins par les instances habilit\u00e9es (Taxawu Xaleyi).<\/p>\n\n\n\n<p><br><strong>abciss@lequotidien.sn<\/strong><\/p>\n","protected":false},"excerpt":{"rendered":"<p>Gr\u00e2ce aux nombreux programmes et l\u2019appui des autorit\u00e9s et des partenaires, la mortalit\u00e9 maternelle est en chute libre avec une<\/p>\n","protected":false},"author":1,"featured_media":14287,"comment_status":"open","ping_status":"open","sticky":false,"template":"","format":"standard","meta":{"footnotes":""},"categories":[21],"tags":[],"class_list":["post-14286","post","type-post","status-publish","format-standard","has-post-thumbnail","hentry","category-societe"],"_links":{"self":[{"href":"https:\/\/dekkbi.com\/index.php?rest_route=\/wp\/v2\/posts\/14286","targetHints":{"allow":["GET"]}}],"collection":[{"href":"https:\/\/dekkbi.com\/index.php?rest_route=\/wp\/v2\/posts"}],"about":[{"href":"https:\/\/dekkbi.com\/index.php?rest_route=\/wp\/v2\/types\/post"}],"author":[{"embeddable":true,"href":"https:\/\/dekkbi.com\/index.php?rest_route=\/wp\/v2\/users\/1"}],"replies":[{"embeddable":true,"href":"https:\/\/dekkbi.com\/index.php?rest_route=%2Fwp%2Fv2%2Fcomments&post=14286"}],"version-history":[{"count":1,"href":"https:\/\/dekkbi.com\/index.php?rest_route=\/wp\/v2\/posts\/14286\/revisions"}],"predecessor-version":[{"id":14288,"href":"https:\/\/dekkbi.com\/index.php?rest_route=\/wp\/v2\/posts\/14286\/revisions\/14288"}],"wp:featuredmedia":[{"embeddable":true,"href":"https:\/\/dekkbi.com\/index.php?rest_route=\/wp\/v2\/media\/14287"}],"wp:attachment":[{"href":"https:\/\/dekkbi.com\/index.php?rest_route=%2Fwp%2Fv2%2Fmedia&parent=14286"}],"wp:term":[{"taxonomy":"category","embeddable":true,"href":"https:\/\/dekkbi.com\/index.php?rest_route=%2Fwp%2Fv2%2Fcategories&post=14286"},{"taxonomy":"post_tag","embeddable":true,"href":"https:\/\/dekkbi.com\/index.php?rest_route=%2Fwp%2Fv2%2Ftags&post=14286"}],"curies":[{"name":"wp","href":"https:\/\/api.w.org\/{rel}","templated":true}]}}