{"id":14277,"date":"2023-06-16T10:45:21","date_gmt":"2023-06-16T10:45:21","guid":{"rendered":"https:\/\/dekkbi.com\/?p=14277"},"modified":"2023-06-16T10:48:59","modified_gmt":"2023-06-16T10:48:59","slug":"tabaski-marche-dinteret-national-min-de-moutons-et-de-legumes","status":"publish","type":"post","link":"https:\/\/dekkbi.com\/?p=14277","title":{"rendered":"March\u00e9 d\u2019int\u00e9r\u00eat national: moutons et l\u00e9gumes"},"content":{"rendered":"\n<p><strong>Dans le cadre de la pr\u00e9paration de la f\u00eate de Tabaski, des produits horticoles ainsi que des moutons seront disponibles au March\u00e9 d\u2019int\u00e9r\u00eat national (Min). Apr\u00e8s un coup d\u2019essai lors de la f\u00eate de Korit\u00e9, les autorit\u00e9s du Min ont d\u00e9cid\u00e9 de remettre \u00e7a sur la p\u00e9riode du 19 au 27 juin 2023.<\/strong><\/p>\n\n\n\n<p><strong>Par Alioune Badara NDIAYE(Correspondant) \u2013&nbsp;<\/strong>Pomme de terre, oignon et autres produits horticoles disponibles \u00e0 des prix pr\u00e9f\u00e9rentiels au March\u00e9 d\u2019int\u00e9r\u00eat national&nbsp;(Min), des moutons aussi. Cela aura lieu du 19 au 27 juin. Apr\u00e8s un coup d\u2019essai lors de la f\u00eate de Korit\u00e9, les autorit\u00e9s du Min ont d\u00e9cid\u00e9 de remettre l\u2019op\u00e9ration pour la f\u00eate de Tabaski. \u00abLa f\u00eate de Tabaski est une occasion o\u00f9 les citoyens recherchent des produits frais, de qualit\u00e9 et \u00e0 des prix pr\u00e9f\u00e9rentiels. C\u2019est dans cette optique que nous avons travaill\u00e9 en \u00e9troite collaboration avec le Programme d\u2019appui \u00e0 la comp\u00e9titivit\u00e9 en Afrique de l\u2019Ouest (Pacao), l\u2019Agence de r\u00e9gulation des march\u00e9s (Arm), la Direction du commerce int\u00e9rieur, les op\u00e9rateurs du Min (\u2026) pour mettre en place ce march\u00e9 sp\u00e9cial de fruits et l\u00e9gumes\u00bb, a indiqu\u00e9 hier Mou\u00adhamadou Abdoulaye Mbaye, Directeur g\u00e9n\u00e9ral de la Soci\u00e9t\u00e9 d\u2019exploitation du March\u00e9 d\u2019int\u00e9r\u00eat national et de la Gare des gros porteurs (Semig). \u00abCe march\u00e9 favorise la tra\u00e7abilit\u00e9 des produits garantissant ainsi aux consommateurs des aliments sains et de qualit\u00e9\u00bb, a-t-il insist\u00e9, assurant que la \u00abTabaski du Min\u00bb est une belle opportunit\u00e9 pour soutenir les producteurs locaux, et permet en m\u00eame temps aux citoyens de disposer de produits de qualit\u00e9.<\/p>\n\n\n\n<p>\u00abNous nous sommes engag\u00e9s \u00e0 approvisionner le march\u00e9 suffisamment en produits de qualit\u00e9\u00bb, a \u00e9mis de son c\u00f4t\u00e9 Cheikh Mback\u00e9 Mboup, s\u2019exprimant au nom des producteurs. Il a indiqu\u00e9 que des produits en provenance de la zone des Niayes, du Fouta, de la Casamance et d\u2019autres localit\u00e9s vont \u00eatre disponibles in situ. En plus des produits horticoles, le mouton sera aussi disponible au Min. \u00abNous avons \u00e9tabli un partenariat avec le minist\u00e8re de l\u2019Elevage et des productions animales pour mettre en place un point de vente de moutons. Nous avons veill\u00e9, en collaboration avec le D\u00e9partement de l\u2019\u00e9levage, \u00e0 ce que les moutons propos\u00e9s r\u00e9pondent aux normes sanitaires les plus strictes\u00bb, a not\u00e9 M. Mbaye. \u00abOn compte sur les \u00e9leveurs pour qu\u2019ils nous accompagnent dans cette premi\u00e8re exp\u00e9rience en proposant des moutons de qualit\u00e9 et en quantit\u00e9, et \u00e0 des prix pr\u00e9f\u00e9rentiels\u00bb, a-t-il-exhort\u00e9.<\/p>\n\n\n\n<p>Le repr\u00e9sentant des \u00e9leveurs a promis des prix accessibles variant entre 60 mille francs et 3 millions de francs Cfa, tout en assurant que l\u2019espace qui leur est d\u00e9di\u00e9 pour l\u2019op\u00e9ration va permettre de mettre \u00e0 disposition quelque 20 mille moutons au total \u00e0 Diamniadio&nbsp;; en tenant compte des deux autres points de vente dans la commune.<\/p>\n\n\n\n<p><br><strong>abndiaye@lequotidien.sn<\/strong><\/p>\n","protected":false},"excerpt":{"rendered":"<p>Dans le cadre de la pr\u00e9paration de la f\u00eate de Tabaski, des produits horticoles ainsi que des moutons seront disponibles<\/p>\n","protected":false},"author":1,"featured_media":14278,"comment_status":"open","ping_status":"open","sticky":false,"template":"","format":"standard","meta":{"footnotes":""},"categories":[3],"tags":[],"class_list":["post-14277","post","type-post","status-publish","format-standard","has-post-thumbnail","hentry","category-event-more-news"],"_links":{"self":[{"href":"https:\/\/dekkbi.com\/index.php?rest_route=\/wp\/v2\/posts\/14277","targetHints":{"allow":["GET"]}}],"collection":[{"href":"https:\/\/dekkbi.com\/index.php?rest_route=\/wp\/v2\/posts"}],"about":[{"href":"https:\/\/dekkbi.com\/index.php?rest_route=\/wp\/v2\/types\/post"}],"author":[{"embeddable":true,"href":"https:\/\/dekkbi.com\/index.php?rest_route=\/wp\/v2\/users\/1"}],"replies":[{"embeddable":true,"href":"https:\/\/dekkbi.com\/index.php?rest_route=%2Fwp%2Fv2%2Fcomments&post=14277"}],"version-history":[{"count":4,"href":"https:\/\/dekkbi.com\/index.php?rest_route=\/wp\/v2\/posts\/14277\/revisions"}],"predecessor-version":[{"id":14283,"href":"https:\/\/dekkbi.com\/index.php?rest_route=\/wp\/v2\/posts\/14277\/revisions\/14283"}],"wp:featuredmedia":[{"embeddable":true,"href":"https:\/\/dekkbi.com\/index.php?rest_route=\/wp\/v2\/media\/14278"}],"wp:attachment":[{"href":"https:\/\/dekkbi.com\/index.php?rest_route=%2Fwp%2Fv2%2Fmedia&parent=14277"}],"wp:term":[{"taxonomy":"category","embeddable":true,"href":"https:\/\/dekkbi.com\/index.php?rest_route=%2Fwp%2Fv2%2Fcategories&post=14277"},{"taxonomy":"post_tag","embeddable":true,"href":"https:\/\/dekkbi.com\/index.php?rest_route=%2Fwp%2Fv2%2Ftags&post=14277"}],"curies":[{"name":"wp","href":"https:\/\/api.w.org\/{rel}","templated":true}]}}