{"id":14231,"date":"2023-06-16T09:24:38","date_gmt":"2023-06-16T09:24:38","guid":{"rendered":"https:\/\/dekkbi.com\/?p=14231"},"modified":"2023-06-16T09:24:39","modified_gmt":"2023-06-16T09:24:39","slug":"en-grece-apres-le-naufrage-dune-embarcation-de-migrants-les-autorites-mises-en-cause","status":"publish","type":"post","link":"https:\/\/dekkbi.com\/?p=14231","title":{"rendered":"En Gr\u00e8ce, apr\u00e8s le naufrage d&rsquo;une embarcation de migrants, les autorit\u00e9s mises en cause"},"content":{"rendered":"\n<p><strong>Des milliers de personnes ont manifest\u00e9, jeudi soir \u00e0 Ath\u00e8nes et \u00e0 Thessalonique, la deuxi\u00e8me ville du pays, contre \u00ab<\/strong><em>\u00a0la forteresse Europe et en solidarit\u00e9 avec les r\u00e9fugi\u00e9s\u00a0<\/em><strong>\u00bb. Le naufrage au large des c\u00f4tes grecques, qui a fait mardi 78 morts et certainement plusieurs centaines d\u2019autres, est le plus grave de ces dix derni\u00e8res ann\u00e9es.\u00a0<\/strong><\/p>\n\n\n\n<p>Les recherches continuent, mais les espoirs de retrouver d\u2019autres survivants sont minces. Selon plusieurs rescap\u00e9s, le navire contenait entre 400 et 750 r\u00e9fugi\u00e9s.\u00a0\u00ab\u00a0<em>Le 13 juin au matin, j\u2019ai re\u00e7u un message de d\u00e9tresse\u00a0<\/em>via<em>\u00a0Twitter d\u2019un r\u00e9fugi\u00e9 qui indiquait se trouver sur un navire transportant 750 personnes. Il nous a ensuite envoy\u00e9 une localisation GPS et a affirm\u00e9 que les autorit\u00e9s italiennes, grecques et maltaises avaient \u00e9t\u00e9 contact\u00e9es. Dans l\u2019apr\u00e8s-midi, nous avons nous-m\u00eames alert\u00e9 les autorit\u00e9s grecques, l\u2019agence Frontex et le Haut-Commissariat des Nations unies pour les R\u00e9fugi\u00e9s\u00a0<\/em>\u00bb, raconte un b\u00e9n\u00e9vole de l\u2019association<strong>\u00a0Alarm Phone<\/strong>, qui re\u00e7oit les appels de d\u00e9tresse des migrants.<\/p>\n\n\n\n<p>Quelques heures plus tard, le navire coulait dans l\u2019un des endroits les plus profonds de la M\u00e9diterran\u00e9e, au large des c\u00f4tes grecques du P\u00e9loponn\u00e8se. L\u2019avocat sp\u00e9cialiste des flux migratoires, Dimitris Choulis, affirme de son c\u00f4t\u00e9, que les garde-c\u00f4te grecs auraient sciemment temporis\u00e9 avant de se rendre sur place. \u00ab<em>&nbsp;Ils les ont laiss\u00e9s se noyer&nbsp;<\/em>\u00bb, dit-il r\u00e9volt\u00e9.&nbsp;<\/p>\n\n\n\n<p>Les autorit\u00e9s d\u2019Ath\u00e8nes assurent, elles, avoir rapidement d\u00e9ploy\u00e9 des moyens pour venir en aide au bateau de fortune dont le moteur ne tournait plus. Selon elles, ce sont les migrants qui auraient, dans un premier temps, refus\u00e9 toute aide. \u00ab<em>&nbsp;Le bateau se trouvait dans les eaux internationales o\u00f9 nous n\u2019avions pas pouvoir de le contraindre<\/em>&nbsp;\u00bb, s\u2019est d\u00e9fendu le porte-parole du minist\u00e8re grec des Migrations.<\/p>\n\n\n\n<h2 class=\"wp-block-heading\">Entre 4 000 et 6 000 euros la travers\u00e9e<\/h2>\n\n\n\n<p>La pol\u00e9mique enfle apr\u00e8s<strong><a href=\"https:\/\/www.rfi.fr\/fr\/europe\/20230615-gr%C3%A8ce-les-recherchent-continuent-apr%C3%A8s-le-naufrage-d-une-embarcation-de-migrants\">&nbsp;le naufrage<\/a><\/strong>&nbsp;qui a fait 78 victimes et plusieurs centaines de disparus. Plus d\u2019une centaine de rescap\u00e9s ont \u00e9t\u00e9 conduits dans le port de Kalamata, dans le sud du P\u00e9loponn\u00e8se, dont certains en \u00e9tat d\u2019hypothermie avanc\u00e9e. La plupart, tr\u00e8s choqu\u00e9s, essayaient de savoir si certains de leurs compagnons de voyage, notamment des femmes et des enfants, avaient pu \u00eatre sauv\u00e9s eux aussi.<\/p>\n\n\n\n<p>Partis quatre jours avant le drame de Tobrouk, dans l\u2019est de la Libye, ils \u00e9taient sans eau ni vivre. Selon les premiers \u00e9l\u00e9ments de l\u2019enqu\u00eate, le navire aurait d\u2019abord lev\u00e9 l\u2019ancre vide en \u00c9gypte pour pouvoir ensuite \u00ab&nbsp;charger&nbsp;\u00bb les centaines de<strong><a href=\"https:\/\/www.rfi.fr\/fr\/podcasts\/reportage-international\/20220703-migrants-qui-sont-les-passeurs-incarc%C3%A9r%C3%A9s-dans-les-prisons-italiennes\">&nbsp;candidats \u00e0 l\u2019exil<\/a><\/strong>, moyennant une somme de 4&nbsp;000 \u00e0 6&nbsp;000 euros par personne. Principalement des Syriens, des \u00c9gyptiens et des Pakistanais. Certains avaient \u00ab&nbsp;r\u00e9serv\u00e9&nbsp;\u00bb leur place&nbsp;<em>via<\/em>&nbsp;les r\u00e9seaux sociaux, les trafiquants leur ayant promis une cabine sur un grand navire. Au moment d\u2019embarquer, il \u00e9tait d\u00e9j\u00e0 trop tard pour faire demi-tour. Des rescap\u00e9s ont indiqu\u00e9 qu\u2019au moins une centaine de femmes et d\u2019enfants \u00e9taient alors enferm\u00e9s dans les cales.<\/p>\n\n\n\n<h2 class=\"wp-block-heading\">Frontex mise en cause<\/h2>\n\n\n\n<p><strong>Newsletter<\/strong>Recevez toute l&rsquo;actualit\u00e9 internationale directement dans votre boite mail<a href=\"https:\/\/emailing.rfi.fr\/fr\/subscribe\" target=\"_blank\" rel=\"noreferrer noopener\">Je m&rsquo;abonne<\/a><\/p>\n\n\n\n<p>\u00ab<em>&nbsp;C\u2019est le plus grand drame en mer depuis des ann\u00e9es<\/em>&nbsp;\u00bb, s\u2019emporte Dimitris Choulis, avant d\u2019affirmer \u00ab&nbsp;<em>Il aurait d\u00fb \u00eatre \u00e9vit\u00e9<\/em>&nbsp;\u00bb. Frontex, l\u2019Agence europ\u00e9enne en charge de la surveillance des fronti\u00e8res, est&nbsp;<strong><a href=\"https:\/\/www.rfi.fr\/fr\/europe\/20230523-la-gr%C3%A8ce-et-d-autres-pays-d-europe-refoulent-des-migrants-en-violation-du-droit-international\">montr\u00e9e du doigt<\/a><\/strong>. Elle dit avoir survol\u00e9 le navire quelques heures avant le naufrage, sans y d\u00e9celer le moindre signe de d\u00e9tresse. \u00ab<em>&nbsp;Comment peut-on avancer une telle chose quand on voit le bateau sur les photos a\u00e9riennes, un vieux rafiot bourr\u00e9 de monde, dont on pouvait d\u00e9j\u00e0 affirmer qu\u2019il ne tiendrait pas jusqu\u2019au bout&nbsp;?&nbsp;<\/em>\u00bb, s\u2019emporte Iasonas Apostolopoulos, de l\u2019organisation Mediterranea Saving Humans.<\/p>\n","protected":false},"excerpt":{"rendered":"<p>Des milliers de personnes ont manifest\u00e9, jeudi soir \u00e0 Ath\u00e8nes et \u00e0 Thessalonique, la deuxi\u00e8me ville du pays, contre \u00ab\u00a0la<\/p>\n","protected":false},"author":1,"featured_media":14232,"comment_status":"open","ping_status":"open","sticky":false,"template":"","format":"standard","meta":{"footnotes":""},"categories":[26],"tags":[],"class_list":["post-14231","post","type-post","status-publish","format-standard","has-post-thumbnail","hentry","category-fait-divers"],"_links":{"self":[{"href":"https:\/\/dekkbi.com\/index.php?rest_route=\/wp\/v2\/posts\/14231","targetHints":{"allow":["GET"]}}],"collection":[{"href":"https:\/\/dekkbi.com\/index.php?rest_route=\/wp\/v2\/posts"}],"about":[{"href":"https:\/\/dekkbi.com\/index.php?rest_route=\/wp\/v2\/types\/post"}],"author":[{"embeddable":true,"href":"https:\/\/dekkbi.com\/index.php?rest_route=\/wp\/v2\/users\/1"}],"replies":[{"embeddable":true,"href":"https:\/\/dekkbi.com\/index.php?rest_route=%2Fwp%2Fv2%2Fcomments&post=14231"}],"version-history":[{"count":1,"href":"https:\/\/dekkbi.com\/index.php?rest_route=\/wp\/v2\/posts\/14231\/revisions"}],"predecessor-version":[{"id":14233,"href":"https:\/\/dekkbi.com\/index.php?rest_route=\/wp\/v2\/posts\/14231\/revisions\/14233"}],"wp:featuredmedia":[{"embeddable":true,"href":"https:\/\/dekkbi.com\/index.php?rest_route=\/wp\/v2\/media\/14232"}],"wp:attachment":[{"href":"https:\/\/dekkbi.com\/index.php?rest_route=%2Fwp%2Fv2%2Fmedia&parent=14231"}],"wp:term":[{"taxonomy":"category","embeddable":true,"href":"https:\/\/dekkbi.com\/index.php?rest_route=%2Fwp%2Fv2%2Fcategories&post=14231"},{"taxonomy":"post_tag","embeddable":true,"href":"https:\/\/dekkbi.com\/index.php?rest_route=%2Fwp%2Fv2%2Ftags&post=14231"}],"curies":[{"name":"wp","href":"https:\/\/api.w.org\/{rel}","templated":true}]}}