{"id":14225,"date":"2023-06-16T09:00:31","date_gmt":"2023-06-16T09:00:31","guid":{"rendered":"https:\/\/dekkbi.com\/?p=14225"},"modified":"2023-06-16T09:00:32","modified_gmt":"2023-06-16T09:00:32","slug":"operation-de-com-gouvernement-ce-que-soupconne-lanalyste-politique-mamadou-sy-albert","status":"publish","type":"post","link":"https:\/\/dekkbi.com\/?p=14225","title":{"rendered":"Op\u00e9ration de Com Gouvernement : Ce que soup\u00e7onne l&rsquo;analyste politique Mamadou Sy Albert"},"content":{"rendered":"\n<h1 class=\"wp-block-heading\">Op\u00e9ration de Com Gouvernement : Ce que soup\u00e7onne l&rsquo;analyste politique Mamadou Sy Albert<\/h1>\n\n\n\n<p>vendredi 16 juin 2023&nbsp;\u2022 186 lectures \u2022&nbsp;0 commentaires<\/p>\n\n\n\n<p><a href=\"https:\/\/www.igfm.sn\/Politique\"><strong>POLITIQUE<\/strong><\/a>&nbsp;<strong>12 MINS<\/strong><a href=\"javascript:updateFontSize(-1)\"><strong><\/strong><\/a>&nbsp;Taille&nbsp;<a href=\"javascript:updateFontSize(1)\"><strong><\/strong><\/a><\/p>\n\n\n\n<figure class=\"wp-block-image\"><img decoding=\"async\" src=\"https:\/\/www.igfm.sn\/data\/igfm\/2023\/06\/gouvernement-confe-rence_3847.png\" alt=\"Op\u00e9ration de Com Gouvernement : Ce que soup\u00e7onne l\\'analyste politique Mamadou Sy Albert\"\/><\/figure>\n\n\n\n<p>PUBLICIT\u00c9<ins><\/ins><\/p>\n\n\n\n<p>https:\/\/googleads.g.doubleclick.net\/pagead\/ads?client=ca-pub-1061267829283799&#038;output=html&#038;h=280&#038;slotname=6278719341&#038;adk=3532221936&#038;adf=86662503&#038;pi=t.ma~as.6278719341&#038;w=453&#038;fwrn=4&#038;fwrnh=100&#038;lmt=1686905755&#038;rafmt=1&#038;format=453&#215;280&#038;url=https%3A%2F%2Fwww.igfm.sn%2Foperation-de-com-gouvernement-ce-que-soupconne-l-analyste-politique-mamadou-sy-albert&#038;fwr=0&#038;rpe=1&#038;resp_fmts=3&#038;wgl=1&#038;uach=WyJXaW5kb3dzIiwiMTAuMC4wIiwieDg2IiwiIiwiMTE0LjAuNTczNS4xMTEiLFtdLDAsbnVsbCwiNjQiLFtbIk5vdC5BL0JyYW5kIiwiOC4wLjAuMCJdLFsiQ2hyb21pdW0iLCIxMTQuMC41NzM1LjExMSJdLFsiR29vZ2xlIENocm9tZSIsIjExNC4wLjU3MzUuMTExIl1dLDBd&#038;dt=1686905754143&#038;bpp=8&#038;bdt=3597&#038;idt=1514&#038;shv=r20230612&#038;mjsv=m202306080101&#038;ptt=9&#038;saldr=aa&#038;abxe=1&#038;cookie=ID%3Dfaebd656cd05565b-222d2f91ddd700a7%3AT%3D1671202424%3ART%3D1686826467%3AS%3DALNI_MZlhlBjqfvmh516HXlJT_jIJ-LeSw&#038;gpic=UID%3D00000c3823809a9a%3AT%3D1685437908%3ART%3D1686826467%3AS%3DALNI_MZAJ6AZSWFjQ69J21zdwMj0NECANQ&#038;prev_fmts=0x0&#038;nras=1&#038;correlator=2910315945831&#038;frm=20&#038;pv=1&#038;ga_vid=1404287405.1686743617&#038;ga_sid=1686905755&#038;ga_hid=2042565983&#038;ga_fc=1&#038;u_tz=0&#038;u_his=2&#038;u_h=409&#038;u_w=727&#038;u_ah=388&#038;u_aw=727&#038;u_cd=24&#038;u_sd=1.504&#038;dmc=4&#038;adx=27&#038;ady=772&#038;biw=888&#038;bih=336&#038;scr_x=0&#038;scr_y=0&#038;eid=44759927%2C44759837%2C44759876%2C44792108%2C44788442%2C44793500%2C21065725&#038;oid=2&#038;pvsid=3617950231686996&#038;tmod=245057873&#038;uas=0&#038;nvt=1&#038;ref=https%3A%2F%2Fwww.igfm.sn%2F&#038;fc=1920&#038;brdim=0%2C0%2C0%2C0%2C727%2C0%2C727%2C388%2C909%2C356&#038;vis=1&#038;rsz=dM%7C%7Caebr%7Cp&#038;abl=XS&#038;pfx=0&#038;fu=1152&#038;bc=31&#038;ifi=2&#038;uci=a!2&#038;btvi=1&#038;fsb=1&#038;xpc=g2eDjiEAC2&#038;p=https%3A\/\/www.igfm.sn&#038;dtd=1548<\/p>\n\n\n\n<p>iGFM &#8211; (Dakar) La journ\u00e9e d\u2019hier, l\u2019actualit\u00e9 a \u00e9t\u00e9 marqu\u00e9e par la conf\u00e9rence de presse du gouvernement. Le premier ministre et 4 autres membres du gouvernement ont fait face aux journalistes pour r\u00e9pondre aux questions br\u00fblantes de l\u2019actualit\u00e9. Ont-ils r\u00e9ussi leur exercice ? Quels peuvent \u00eatre les objectifs dissimul\u00e9s d&rsquo;un tel exercice ?<\/p>\n\n\n\n<p>\u00abCette sortie montre qu&rsquo;il y a une suite de l&rsquo;affaire Sonko qu&rsquo;on est en train de pr\u00e9parer\u00bb, a d\u00e9clar\u00e9 Mamadou Sy Albert. L&rsquo;analyste politique, qui s\u2019exprimait dans les colonnes de l\u2019Observateur, de souligner : \u00abC&rsquo;est une crainte. Le fait de rappeler r\u00f4le des forces de s\u00e9curit\u00e9, parler de l&rsquo;Etat de droit, \u00e7a sent mauvais. Il y une suite de l&rsquo;affaire Sonko qu&rsquo;on est en train de pr\u00e9parer\u00bb, insiste-t-il. Dans le discours global, l&rsquo;analyste reste convaincu que les ministres ont tout r\u00e9ussi sauf convaincre: \u00ab\u00c7a ne rassure pas Je pense que ce discours va plut\u00f4t radicaliser la soci\u00e9t\u00e9 civile\u00bb, dit-il.\u00a0<\/p>\n\n\n\n<p>Pour lui, sur la forme, il \u00e9tait important que le Premier ministre ait pris l&rsquo;initiative de coordonner la conf\u00e9rence de presse. Mais le fond du discours est orient\u00e9 vers l&rsquo;aspect international des cons\u00e9quences de la crise. \u00abCa montre que le Gouvernement est en mauvaise posture par rapport \u00e0 certaines organisations internationales. Ils ont voulu expliquer que les d\u00e9fenseurs des droits de l&rsquo;homme qui font pression au niveau de l&rsquo;Onu font fausse route\u00bb, indique-t-il. Mais pour les questions nationales, souligne l\u2019analyste, \u00abque ce soit l&rsquo;affaire Ousmane Sonko, les enqu\u00eates annonc\u00e9es.., il n&rsquo;y a pas un \u00e9l\u00e9ment nouveau\u00bb, dit-il.<\/p>\n","protected":false},"excerpt":{"rendered":"<p>Op\u00e9ration de Com Gouvernement : Ce que soup\u00e7onne l&rsquo;analyste politique Mamadou Sy Albert vendredi 16 juin 2023&nbsp;\u2022 186 lectures \u2022&nbsp;0<\/p>\n","protected":false},"author":1,"featured_media":14226,"comment_status":"open","ping_status":"open","sticky":false,"template":"","format":"standard","meta":{"footnotes":""},"categories":[6],"tags":[],"class_list":["post-14225","post","type-post","status-publish","format-standard","has-post-thumbnail","hentry","category-politics"],"_links":{"self":[{"href":"https:\/\/dekkbi.com\/index.php?rest_route=\/wp\/v2\/posts\/14225","targetHints":{"allow":["GET"]}}],"collection":[{"href":"https:\/\/dekkbi.com\/index.php?rest_route=\/wp\/v2\/posts"}],"about":[{"href":"https:\/\/dekkbi.com\/index.php?rest_route=\/wp\/v2\/types\/post"}],"author":[{"embeddable":true,"href":"https:\/\/dekkbi.com\/index.php?rest_route=\/wp\/v2\/users\/1"}],"replies":[{"embeddable":true,"href":"https:\/\/dekkbi.com\/index.php?rest_route=%2Fwp%2Fv2%2Fcomments&post=14225"}],"version-history":[{"count":1,"href":"https:\/\/dekkbi.com\/index.php?rest_route=\/wp\/v2\/posts\/14225\/revisions"}],"predecessor-version":[{"id":14227,"href":"https:\/\/dekkbi.com\/index.php?rest_route=\/wp\/v2\/posts\/14225\/revisions\/14227"}],"wp:featuredmedia":[{"embeddable":true,"href":"https:\/\/dekkbi.com\/index.php?rest_route=\/wp\/v2\/media\/14226"}],"wp:attachment":[{"href":"https:\/\/dekkbi.com\/index.php?rest_route=%2Fwp%2Fv2%2Fmedia&parent=14225"}],"wp:term":[{"taxonomy":"category","embeddable":true,"href":"https:\/\/dekkbi.com\/index.php?rest_route=%2Fwp%2Fv2%2Fcategories&post=14225"},{"taxonomy":"post_tag","embeddable":true,"href":"https:\/\/dekkbi.com\/index.php?rest_route=%2Fwp%2Fv2%2Ftags&post=14225"}],"curies":[{"name":"wp","href":"https:\/\/api.w.org\/{rel}","templated":true}]}}