{"id":14222,"date":"2023-06-15T16:54:48","date_gmt":"2023-06-15T16:54:48","guid":{"rendered":"https:\/\/dekkbi.com\/?p=14222"},"modified":"2023-06-15T16:54:50","modified_gmt":"2023-06-15T16:54:50","slug":"communique-du-directeur-general-des-impots-et-des-domaines","status":"publish","type":"post","link":"https:\/\/dekkbi.com\/?p=14222","title":{"rendered":"Communique du Directeur g\u00e9n\u00e9ral des Imp\u00f4ts et des Domaines"},"content":{"rendered":"\n<p>Le Syndicat Autonome des Agents des Imp\u00f4ts et des Domaines (SAID) a lanc\u00e9 un mot d&rsquo;ordre de gr\u00e8ve de 48H portant sur les journ\u00e9es des 15 et 16 juin 2023. Je d\u00e9plore cette situation d&rsquo;autant plus que depuis mon installation, le 17 f\u00e9vrier 2023, je n&rsquo;ai \u00e9t\u00e9 saisi d&rsquo;aucune plateforme revendicative. Et, \u00e0 chaque fois que les responsables syndicaux ont sollicit\u00e9 une audience, ils ont \u00e9t\u00e9 imm\u00e9diatement re\u00e7us. Les \u00e9changes se sont toujours d\u00e9roul\u00e9s dans un environnement serein. Il en sera toujours ainsi. Par ailleurs, je viens de boucler une tourn\u00e9e nationale, au cours de laquelle j&rsquo;ai engag\u00e9 un \u00e9change direct avec tous les agents de la Direction g\u00e9n\u00e9rale des Imp\u00f4ts et des Domaines. L&rsquo;essentiel de leurs pr\u00e9occupations a \u00e9t\u00e9 pris en charge puis satisfait et les perspectives s&rsquo;annoncent meilleures avec la mise en \u0153uvre du Programme de r\u00e9novation et d&rsquo;extension des services des imp\u00f4ts et des domaines. Je tiens \u00e0 rappeler la s\u00e9r\u00e9nit\u00e9 et la responsabilit\u00e9 qui doivent inspirer chacune de nos actions dans l&rsquo;int\u00e9r\u00eat sup\u00e9rieur de la Nation. Les journ\u00e9es cibl\u00e9es pour d\u00e9clencher subitement un mouvement co\u00efncidant avec une \u00e9ch\u00e9ance importante dans notre mission r\u00e9galienne de mobilisation des recettes, je rassure tous les citoyens, contribuables et usagers sur les dispositions qui sont prises pour garantir la continuit\u00e9 du service public et assurer \u00e0 l&rsquo;Etat les moyens de faire face \u00e0 ses \u00e9ch\u00e9ances et aux besoins des citoyens.&nbsp;<\/p>\n\n\n\n<p>Ensemble, mettons le cap sur l&rsquo;essentiel.&nbsp;<\/p>\n\n\n\n<p>&nbsp;Directeur G\u00e9n\u00e9ral des Imp\u00f4ts et des Domaines&nbsp;&nbsp;<\/p>\n\n\n\n<p>&nbsp; &nbsp;M&nbsp; Abdoulaye DIAGNE<\/p>\n","protected":false},"excerpt":{"rendered":"<p>Le Syndicat Autonome des Agents des Imp\u00f4ts et des Domaines (SAID) a lanc\u00e9 un mot d&rsquo;ordre de gr\u00e8ve de 48H<\/p>\n","protected":false},"author":1,"featured_media":14223,"comment_status":"open","ping_status":"open","sticky":false,"template":"","format":"standard","meta":{"footnotes":""},"categories":[21],"tags":[],"class_list":["post-14222","post","type-post","status-publish","format-standard","has-post-thumbnail","hentry","category-societe"],"_links":{"self":[{"href":"https:\/\/dekkbi.com\/index.php?rest_route=\/wp\/v2\/posts\/14222","targetHints":{"allow":["GET"]}}],"collection":[{"href":"https:\/\/dekkbi.com\/index.php?rest_route=\/wp\/v2\/posts"}],"about":[{"href":"https:\/\/dekkbi.com\/index.php?rest_route=\/wp\/v2\/types\/post"}],"author":[{"embeddable":true,"href":"https:\/\/dekkbi.com\/index.php?rest_route=\/wp\/v2\/users\/1"}],"replies":[{"embeddable":true,"href":"https:\/\/dekkbi.com\/index.php?rest_route=%2Fwp%2Fv2%2Fcomments&post=14222"}],"version-history":[{"count":1,"href":"https:\/\/dekkbi.com\/index.php?rest_route=\/wp\/v2\/posts\/14222\/revisions"}],"predecessor-version":[{"id":14224,"href":"https:\/\/dekkbi.com\/index.php?rest_route=\/wp\/v2\/posts\/14222\/revisions\/14224"}],"wp:featuredmedia":[{"embeddable":true,"href":"https:\/\/dekkbi.com\/index.php?rest_route=\/wp\/v2\/media\/14223"}],"wp:attachment":[{"href":"https:\/\/dekkbi.com\/index.php?rest_route=%2Fwp%2Fv2%2Fmedia&parent=14222"}],"wp:term":[{"taxonomy":"category","embeddable":true,"href":"https:\/\/dekkbi.com\/index.php?rest_route=%2Fwp%2Fv2%2Fcategories&post=14222"},{"taxonomy":"post_tag","embeddable":true,"href":"https:\/\/dekkbi.com\/index.php?rest_route=%2Fwp%2Fv2%2Ftags&post=14222"}],"curies":[{"name":"wp","href":"https:\/\/api.w.org\/{rel}","templated":true}]}}