{"id":14213,"date":"2023-06-15T13:39:07","date_gmt":"2023-06-15T13:39:07","guid":{"rendered":"https:\/\/dekkbi.com\/?p=14213"},"modified":"2023-06-15T13:39:08","modified_gmt":"2023-06-15T13:39:08","slug":"ligue-des-nations-la-croatie-file-en-finale","status":"publish","type":"post","link":"https:\/\/dekkbi.com\/?p=14213","title":{"rendered":"Ligue des nations: La Croatie file en finale"},"content":{"rendered":"\n<p>La Croatie est toujours en course pour d\u00e9crocher son premier titre apr\u00e8s avoir domin\u00e9 les Pays-Bas (4-2 a.p.) en demi-finale de la Ligue des nations, surmontant une \u00e9galisation \u00e0 la derni\u00e8re seconde du temps r\u00e9glementaire, mercredi \u00e0 Rotterdam.<\/p>\n\n\n\n<p>Un mental de fer. Pas abattus par le but de Noa Lang (90+6), les \u00ab\u00a0Vatreni\u00a0\u00bb (les \u00ab\u00a0Ardents\u00a0\u00bb) ont repris l&rsquo;avantage en prolongation par Bruno Petkovic (98), puis sur un penalty de Luka Modric (116 s.p.).<\/p>\n\n\n\n<p>Ils joueront dimanche contre l&rsquo;Italie ou l&rsquo;Espagne, qui s&rsquo;affrontent jeudi (20h45) \u00e0 Enschede, pour d\u00e9crocher enfin l&rsquo;or, apr\u00e8s l&rsquo;argent (2018) et le bronze (1998, 2022) mondiaux.<\/p>\n\n\n\n<p>Le s\u00e9lectionneur Zlatko Dalic voulait \u00ab\u00a0une m\u00e9daille\u00a0\u00bb, il est s\u00fbr d&rsquo;en ramener une, la troisi\u00e8me pour lui, en poste depuis 2017, mais cette fois son capitaine Modric aimerait soulever la coupe.<\/p>\n\n\n\n<p>Le g\u00e9nial meneur de 37 ans (165 s\u00e9lections, 24 buts), qui vit peut-\u00eatre ses derniers moments avec le maillot \u00e0 damier (il n&rsquo;a pas voulu en parler la veille de match), a encore r\u00e9gal\u00e9, il a obtenu le penalty de l&rsquo;\u00e9galisation \u00e0 1-1, transform\u00e9 par Andrej Kramaric (55 s.p.).<\/p>\n\n\n\n<h2 class=\"wp-block-heading\">Petkovic encore h\u00e9ros<\/h2>\n\n\n\n<figure class=\"wp-block-image\"><img decoding=\"async\" src=\"https:\/\/information.tv5monde.com\/sites\/tv5-info\/files\/styles\/entete\/public\/2023-06\/field_media_image-2712919-ea3fffed398e6059f02a7f83edce5962854ef414.jpg?itok=3WawheOS\" alt=\"Le Croate Bruno Petkovic, buteur contre les Pays-Bas en demi-finale de la Ligue des nations, le 14 juin 2023 \u00e0 Rotterdam    \" title=\"Le Croate Bruno Petkovic, buteur contre les Pays-Bas en demi-finale de la Ligue des nations, le 14 juin 2023 \u00e0 Rotterdam    \"\/><\/figure>\n\n\n\n<p>Le Croate Bruno Petkovic, buteur contre les Pays-Bas en demi-finale de la Ligue des nations, le 14 juin 2023 \u00e0 Rotterdam<\/p>\n\n\n\n<p>AFP<\/p>\n\n\n\n<p>KENZO TRIBOUILLARD<\/p>\n\n\n\n<p>Le joueur du Real Madrid a chip\u00e9 un ballon mal contr\u00f4l\u00e9 par Cody Gakpo dans sa surface, le meilleur buteurs n\u00e9erlandais \u00e0 la Coupe du monde (3 buts) n&rsquo;a pas vu Modric et l&rsquo;a accroch\u00e9.<\/p>\n\n\n\n<p>Le g\u00e9nie croate a aussi d\u00e9livr\u00e9 une passe d&rsquo;un ext\u00e9rieur &#8211; sa signature &#8211; pour Luka Perisic qui a frapp\u00e9 de peu au-dessus (71).<\/p>\n\n\n\n<p>Sur le but du 3-2, il a d\u00e9cal\u00e9 Petkovic, d\u00e9j\u00e0 h\u00e9ros du quart de finale contre le Br\u00e9sil au Qatar, o\u00f9 il avait \u00e9galis\u00e9 \u00e0 la 117e minute (mental de fer), avant que la Croatie ne s&rsquo;impose aux tirs au but (1-1, 4 t.a.b. \u00e0 2). Enfin il a pli\u00e9 le match sur penalty.<\/p>\n\n\n\n<p>Et cette \u00e9quipe a de l&rsquo;avenir: si Modric se fait vieux, Luka Ivanousec (24 ans). Le joueur du Dinamo Zagreb qui avait d\u00e9j\u00e0 caus\u00e9 pas mal de d\u00e9g\u00e2ts dans la d\u00e9fense n\u00e9erlandaise sur son c\u00f4t\u00e9 gauche a amen\u00e9 le but du 2-1, attendant patiemment le meilleur moment pour d\u00e9livrer la passe d\u00e9cisive \u00e0 Mario Pasalic (73).<\/p>\n\n\n\n<p>La victoire a souri \u00e0 la meilleure \u00e9quipe, la plus entreprenante aussi. Les Pays-Bas avait marqu\u00e9 par Donyell Malen (34) dans une premi\u00e8re mi-temps plut\u00f4t \u00e0 l&rsquo;avantage des blancs \u00e0 carreaux.<\/p>\n\n\n\n<h2 class=\"wp-block-heading\">Environ 10.000 supporters croates<\/h2>\n\n\n\n<p>Sur ce but \u00ab\u00a0oranje\u00a0\u00bb Malen a \u00e9t\u00e9 habilement d\u00e9cal\u00e9 par Mats Wieffer, mais la passe qui a cass\u00e9 la ligne croate est venue de Nathan Ak\u00e9, champion d&rsquo;Europe samedi avec Manchester City.<\/p>\n\n\n\n<figure class=\"wp-block-image\"><img decoding=\"async\" src=\"https:\/\/information.tv5monde.com\/sites\/tv5-info\/files\/styles\/entete\/public\/2023-06\/field_media_image-2712921-30f46251a280021489378595984bd1ce7f6466b3.jpg?itok=1DjYptSy\" alt=\"Le Croate Mario Pasalic tacl\u00e9 par le N\u00e9erlandais Georginio Wijnaldum, le 14 juin 2023 \u00e0 Rotterdam \" title=\"Le Croate Mario Pasalic tacl\u00e9 par le N\u00e9erlandais Georginio Wijnaldum, le 14 juin 2023 \u00e0 Rotterdam \"\/><\/figure>\n\n\n\n<p>Le Croate Mario Pasalic tacl\u00e9 par le N\u00e9erlandais Georginio Wijnaldum, le 14 juin 2023 \u00e0 Rotterdam<\/p>\n\n\n\n<p>AFP<\/p>\n\n\n\n<p>KENZO TRIBOUILLARD<\/p>\n\n\n\n<p>Sur l&rsquo;\u00e9galisation \u00e0 la derni\u00e8re seconde, dans le m\u00eame but o\u00f9 Sylvain Wiltord avait sauv\u00e9 la finale de l&rsquo;Euro-2000 l&rsquo;\u00e9quipe de France contre l&rsquo;Italie, Noa Lang a profit\u00e9 d&rsquo;un cafouillage devant le but de Dominik Livakovic pour trouver les filets et faire rugir la \u00ab\u00a0Baignoire\u00a0\u00bb (De Kuip), o\u00f9 les presque 10.000 supporters croates ont pourtant largement domin\u00e9 le concours de chants.<\/p>\n\n\n\n<p>Mais cela n&rsquo;a pas suffi, Petkovic, entr\u00e9 pour la prolongation \u00e0 la place de Josip Sutalo, un d\u00e9fenseur central, a redonn\u00e9 l&rsquo;avantage aux siens d&rsquo;une frappe sourde.<\/p>\n\n\n\n<p>Sur son tir, Justin Biljow, le gardien du Feyenoord local, titularis\u00e9 par Ronald Koeman toujours en qu\u00eate d&rsquo;un titulaire portier N.1, a sembl\u00e9 impuissant.<\/p>\n\n\n\n<p>Mais les \u00ab\u00a0Oranjes\u00a0\u00bb ont aussi un probl\u00e8me d&rsquo;attaquant en plus de celui de gardien. Lang, \u00e9ph\u00e9m\u00e8re h\u00e9ros \u00ab\u00a0wiltordien\u00a0\u00bb, a envoy\u00e9 dans le petit filet une balle de 3-3 (111), et l&rsquo;\u00e9quipe de Koeman s&rsquo;est procur\u00e9 trop peu d&rsquo;occasions.<\/p>\n\n\n\n<p>Les Pays-Bas n&rsquo;avaient plus perdu dans leur antre de Rotterdam depuis le 11 octobre 2000 (2-0 contre le Portugal), ne joueront pas la finale.<\/p>\n","protected":false},"excerpt":{"rendered":"<p>La Croatie est toujours en course pour d\u00e9crocher son premier titre apr\u00e8s avoir domin\u00e9 les Pays-Bas (4-2 a.p.) en demi-finale<\/p>\n","protected":false},"author":1,"featured_media":14214,"comment_status":"open","ping_status":"open","sticky":false,"template":"","format":"standard","meta":{"footnotes":""},"categories":[9],"tags":[],"class_list":["post-14213","post","type-post","status-publish","format-standard","has-post-thumbnail","hentry","category-sports"],"_links":{"self":[{"href":"https:\/\/dekkbi.com\/index.php?rest_route=\/wp\/v2\/posts\/14213","targetHints":{"allow":["GET"]}}],"collection":[{"href":"https:\/\/dekkbi.com\/index.php?rest_route=\/wp\/v2\/posts"}],"about":[{"href":"https:\/\/dekkbi.com\/index.php?rest_route=\/wp\/v2\/types\/post"}],"author":[{"embeddable":true,"href":"https:\/\/dekkbi.com\/index.php?rest_route=\/wp\/v2\/users\/1"}],"replies":[{"embeddable":true,"href":"https:\/\/dekkbi.com\/index.php?rest_route=%2Fwp%2Fv2%2Fcomments&post=14213"}],"version-history":[{"count":1,"href":"https:\/\/dekkbi.com\/index.php?rest_route=\/wp\/v2\/posts\/14213\/revisions"}],"predecessor-version":[{"id":14215,"href":"https:\/\/dekkbi.com\/index.php?rest_route=\/wp\/v2\/posts\/14213\/revisions\/14215"}],"wp:featuredmedia":[{"embeddable":true,"href":"https:\/\/dekkbi.com\/index.php?rest_route=\/wp\/v2\/media\/14214"}],"wp:attachment":[{"href":"https:\/\/dekkbi.com\/index.php?rest_route=%2Fwp%2Fv2%2Fmedia&parent=14213"}],"wp:term":[{"taxonomy":"category","embeddable":true,"href":"https:\/\/dekkbi.com\/index.php?rest_route=%2Fwp%2Fv2%2Fcategories&post=14213"},{"taxonomy":"post_tag","embeddable":true,"href":"https:\/\/dekkbi.com\/index.php?rest_route=%2Fwp%2Fv2%2Ftags&post=14213"}],"curies":[{"name":"wp","href":"https:\/\/api.w.org\/{rel}","templated":true}]}}