{"id":14202,"date":"2023-06-15T11:38:56","date_gmt":"2023-06-15T11:38:56","guid":{"rendered":"https:\/\/dekkbi.com\/?p=14202"},"modified":"2023-06-15T11:38:57","modified_gmt":"2023-06-15T11:38:57","slug":"barthelemy-dias-elu-president-de-metropolis-lassociation-mondiale-des-grandes-metropoles","status":"publish","type":"post","link":"https:\/\/dekkbi.com\/?p=14202","title":{"rendered":"Barth\u00e9l\u00e9my Dias, \u00e9lu pr\u00e9sident de M\u00e9tropolis, l\u2019Association mondiale des grandes m\u00e9tropoles"},"content":{"rendered":"\n<p>Barth\u00e9l\u00e9my Toy Dias a \u00e9t\u00e9 \u00e9lu ce mercredi, pr\u00e9sident de l&rsquo;Association mondiale des grandes m\u00e9tropoles par le Conseil d&rsquo;Administration. Le D\u00e9put\u00e9-Maire de la Ville de Dakar devient ainsi le premier africain \u00e0 occuper ce poste, pour diriger la plus grande association des gouvernements des grandes villes et m\u00e9tropoles du monde. Un fait marquant de ce sommet de 2023.<\/p>\n\n\n\n<p>D&rsquo;apr\u00e9s \u00ab\u00a0PressAfrik\u00a0\u00bb, le Congr\u00e8s mondial de M\u00e9tropolis est le rendez-vous des principaux r\u00e9seaux de villes unissant leurs forces pour r\u00e9pondre aux enjeux mondiaux, au moyen de solutions urbaines. Il a r\u00e9uni les gouvernements de 145 grandes villes et aires m\u00e9tropolitaines mondiales, 60 maires en faveur de la croissance inclusive, 200 villes europ\u00e9ennes de toutes tailles, 30 partenaires bilat\u00e9raux de la R\u00e9gion de Bruxelles-Capitale, qui a abrit\u00e9 la rencontre.<\/p>\n\n\n\n<p>Ce sommet a r\u00e9uni pour la premi\u00e8re fois, trois conf\u00e9rences internationales en un seul lieu : le 14e Congr\u00e8s mondial de M\u00e9tropolis, la Conf\u00e9rence annuelle d&rsquo;Eurocities et le sixi\u00e8me Sommet des Maires Champions de l&rsquo;OCDE pour l&rsquo;initiative de croissance inclusive.<\/p>\n\n\n\n<p>L&rsquo;\u00e9dition 2023 (du 12 au 15 juin 2023), intitul\u00e9e Brussels Urban Summit (Sommet Urbain de Bruxelles), a vu la pr\u00e9sence des experts urbains, des dirigeants de villes, des urbanistes et de nombreuses autres parties prenantes et acteurs venus du monde entier.<\/p>\n\n\n\n<p>L\u2019Association, avec ses 35 ans d&rsquo;existence, constitue aujourd\u2019hui le point focal de l\u2019expertise en mati\u00e8re de gouvernance m\u00e9tropolitaine. M\u00e9tropolis contribue \u00e0 trouver des r\u00e9ponses communes aux enjeux de la m\u00e9tropolisation, en faisant entendre la voix des m\u00e9tropoles dans l\u2019agenda mondial et en renfor\u00e7ant les capacit\u00e9s pour fournir des politiques et des services publics.<\/p>\n\n\n\n<p>Plusieurs sommit\u00e9s mondiales ont particip\u00e9 \u00e0 ce sommet, dont le D\u00e9put\u00e9 Maire de Dakar, Barth\u00e9l\u00e9my Dias, Anne Hidalgo (Maire de Paris), Mansur Yava (Maire d&rsquo;Ankara), Jaime Pumarejo (Maire de Barranquilla), Asmaa Rhlalou (Maire de Rabat), Balendra Shah (Maire de Katmandou), Emmanuel Serunjoji (Maire de Kawempe, Kampala), Fabian Mayer (Maire de Stuttgart), Soishiro Takashima (Maire de Fukuoka), Karin Wanng\u00e5rd (Maire de Stockholm), Ricardo Rio (Maire de Braga), Susan Aitken (Maire de Glasgow), Kostas Bakoyannis (maire d&rsquo;Ath\u00e8nes) et bien d&rsquo;autres politiciens influents.<\/p>\n\n\n\n<p><\/p>\n\n\n\n<p><\/p>\n","protected":false},"excerpt":{"rendered":"<p>Barth\u00e9l\u00e9my Toy Dias a \u00e9t\u00e9 \u00e9lu ce mercredi, pr\u00e9sident de l&rsquo;Association mondiale des grandes m\u00e9tropoles par le Conseil d&rsquo;Administration. Le<\/p>\n","protected":false},"author":1,"featured_media":14203,"comment_status":"open","ping_status":"open","sticky":false,"template":"","format":"standard","meta":{"footnotes":""},"categories":[6],"tags":[],"class_list":["post-14202","post","type-post","status-publish","format-standard","has-post-thumbnail","hentry","category-politics"],"_links":{"self":[{"href":"https:\/\/dekkbi.com\/index.php?rest_route=\/wp\/v2\/posts\/14202","targetHints":{"allow":["GET"]}}],"collection":[{"href":"https:\/\/dekkbi.com\/index.php?rest_route=\/wp\/v2\/posts"}],"about":[{"href":"https:\/\/dekkbi.com\/index.php?rest_route=\/wp\/v2\/types\/post"}],"author":[{"embeddable":true,"href":"https:\/\/dekkbi.com\/index.php?rest_route=\/wp\/v2\/users\/1"}],"replies":[{"embeddable":true,"href":"https:\/\/dekkbi.com\/index.php?rest_route=%2Fwp%2Fv2%2Fcomments&post=14202"}],"version-history":[{"count":1,"href":"https:\/\/dekkbi.com\/index.php?rest_route=\/wp\/v2\/posts\/14202\/revisions"}],"predecessor-version":[{"id":14204,"href":"https:\/\/dekkbi.com\/index.php?rest_route=\/wp\/v2\/posts\/14202\/revisions\/14204"}],"wp:featuredmedia":[{"embeddable":true,"href":"https:\/\/dekkbi.com\/index.php?rest_route=\/wp\/v2\/media\/14203"}],"wp:attachment":[{"href":"https:\/\/dekkbi.com\/index.php?rest_route=%2Fwp%2Fv2%2Fmedia&parent=14202"}],"wp:term":[{"taxonomy":"category","embeddable":true,"href":"https:\/\/dekkbi.com\/index.php?rest_route=%2Fwp%2Fv2%2Fcategories&post=14202"},{"taxonomy":"post_tag","embeddable":true,"href":"https:\/\/dekkbi.com\/index.php?rest_route=%2Fwp%2Fv2%2Ftags&post=14202"}],"curies":[{"name":"wp","href":"https:\/\/api.w.org\/{rel}","templated":true}]}}