{"id":14197,"date":"2023-06-15T11:30:59","date_gmt":"2023-06-15T11:30:59","guid":{"rendered":"https:\/\/dekkbi.com\/?p=14197"},"modified":"2023-06-15T11:31:00","modified_gmt":"2023-06-15T11:31:00","slug":"mali-avant-le-referendum-les-pour-et-contre-la-constitution-reaffirment-leurs-arguments","status":"publish","type":"post","link":"https:\/\/dekkbi.com\/?p=14197","title":{"rendered":"Mali: avant le r\u00e9f\u00e9rendum, les pour et contre la Constitution r\u00e9affirment leurs arguments"},"content":{"rendered":"\n<p>Au Mali, l\u2019ensemble de la population est appel\u00e9 \u00e0 voter dimanche 18 juin pour ou contre une nouvelle Constitution, apr\u00e8s le vote des militaires une semaine plus t\u00f4t. Pour les soutiens de la possible prochaine loi fondamentale, ce texte renforce le caract\u00e8re d\u00e9mocratique de l&rsquo;\u00c9tat malien, mais ses d\u00e9tracteurs estiment que la loi fondamentale propos\u00e9e offrirait trop de pouvoirs au chef de l\u2019\u00c9tat.<\/p>\n\n\n\n<p>Partisan de la nouvelle\u00a0<strong>Constitution<\/strong>, Amadou Ko\u00efta, pr\u00e9sident du Parti socialiste Yelen Koura, avance que\u00a0<strong>ce changement<\/strong>\u00a0pourrait acc\u00e9l\u00e9rer la fin de la transition\u00a0: \u00ab\u00a0<em>Il y a des avanc\u00e9es, mais ce n\u2019est pas parfait \u00e0 100<\/em>\u00a0<em>%. Ce qui est important pour nous, c\u2019est une \u00e9tape extr\u00eamement importante pour la lev\u00e9e des sanctions, pour le retour \u00e0 l\u2019ordre constitutionnel. La premi\u00e8re \u00e9tape, c\u2019\u00e9tait le r\u00e9f\u00e9rendum. Allons-y pour ce r\u00e9f\u00e9rendum et apr\u00e8s on ira vers d\u2019autres \u00e9lections pour que le Mali puisse amorcer son retour dans le\u00a0concert des nations.<\/em>\u00a0\u00bb<\/p>\n\n\n\n<blockquote class=\"wp-block-quote is-layout-flow wp-block-quote-is-layout-flow\">\n<p>D\u2019abord, il y a la cr\u00e9ation du S\u00e9nat, \u00e7a pourra quand m\u00eame permettre une certaine l\u00e9gitimit\u00e9 traditionnelle de pouvoir&nbsp;participer \u00e0 la gestion du pouvoir. Le texte permet \u00e9galement &#8211; dans l\u2019application de l\u2019Accord pour la paix issu du processus d\u2019Alger &#8211; de conna\u00eetre enfin un d\u00e9but d\u2019ex\u00e9cution politique. Je crois que cela est extr\u00eamement important. Le texte permet \u00e9galement de mettre fin \u00e0 la transhumance politique, de cr\u00e9er les conditions pour que les \u00e9lections puissent se passer dans des conditions idoines, notamment introduire soit la proportionnelle, soit d\u2019autres modes de scrutin. Il y a \u00e9galement la cr\u00e9ation de la Cour des comptes,&nbsp;qui est quand m\u00eame&nbsp;une norme dans la sous-r\u00e9gion que nous avons cherch\u00e9e [\u00e0 mettre en place] depuis des ann\u00e9es. Il y a \u00e9galement la possibilit\u00e9 pour tous citoyens maliens&nbsp;de saisir le Conseil constitutionnel. L\u2019ouverture du Conseil sup\u00e9rieur de la magistrature \u00e0 d\u2019autres citoyens autres que les magistrats.<\/p>\n<\/blockquote>\n\n\n\n<p>Pour Amadou Ko\u00efta, pr\u00e9sident du Parti Socialiste-Yelen Koura, la nouvelle constitution \u00abn&rsquo;est pas parfaite\u00bb, mais \u00abil y a des avanc\u00e9es\u00bb<\/p>\n\n\n\n<p>Sidy Yansan\u00e9<\/p>\n\n\n\n<p>Mais\u00a0<strong>les d\u00e9tracteurs de la proposition de loi fondamentale<\/strong>\u00a0estiment qu&rsquo;elle offre beaucoup trop de pouvoirs au chef de l&rsquo;\u00c9tat. Parmi eux, Djiguiba Keita dit \u00ab\u00a0Pr\u00eat Pour la R\u00e9volution\u00a0\u00bb (PPR), secr\u00e9taire g\u00e9n\u00e9ral du parti Parena, qui affirme que ce nouveau texte n&rsquo;est pas d\u00e9mocratique\u00a0: \u00ab\u00a0<em>On a entendu dire qu\u2019il y a une avanc\u00e9e parce que le pr\u00e9sident peut \u00eatre d\u00e9mis de ses fonctions, mais l\u00e0 aussi, c\u2019est de la poudre aux yeux parce qu\u2019il a la mainmise sur l\u2019Assembl\u00e9e\u00a0et surtout sur les s\u00e9nateurs, un tiers des membres, et en g\u00e9n\u00e9ral, la majorit\u00e9 de l\u2019Assembl\u00e9e avec lui. Pour que ce Parlement le d\u00e9mette, les conditions sont telles que ce n\u2019est pas possible.<\/em><\/p>\n\n\n\n<blockquote class=\"wp-block-quote is-layout-flow wp-block-quote-is-layout-flow\">\n<p>Quand il y avait des tentatives de r\u00e9vision, on se disait que le pouvoir du p\u00e9nal \u00e9tait trop important. Il faut vraiment que les pr\u00e9sidents descendent de leur pi\u00e9destal, parce qu\u2019ils sont trop puissants Malheureusement, toutes les critiques faites \u00e0 la&nbsp;Constitution de 1992, pour dire qu\u2019il faut diminuer le poids du pr\u00e9sident, cela s\u2019est retrouv\u00e9&nbsp;enfonc\u00e9 dans ce qui est propos\u00e9. Donc, nous avons un pr\u00e9sident hyper puissant qui est&nbsp;le vrai seul ma\u00eetre \u00e0 bord, c\u2019est un monarque. Il a la main mise sur l\u2019ex\u00e9cutif totalement. Et les&nbsp;pr\u00e9rogatives qui sont dans la Constitution concernant le Premier ministre sont&nbsp;tomb\u00e9s comme peau de chagrin. Ensuite, le pouvoir judiciaire, le pr\u00e9sident est toujours le pr\u00e9sident du Conseil sup\u00e9rieur de la magistrature, mais ses pouvoirs sont \u00e9videmment augment\u00e9s \u00e0 ce niveau-l\u00e0. Et le poids de la magistrature dans les articles qui sont consacr\u00e9s dans la Constitution ont moins de garanties que dans la Constitution de 1992.<\/p>\n<\/blockquote>\n","protected":false},"excerpt":{"rendered":"<p>Au Mali, l\u2019ensemble de la population est appel\u00e9 \u00e0 voter dimanche 18 juin pour ou contre une nouvelle Constitution, apr\u00e8s<\/p>\n","protected":false},"author":1,"featured_media":13145,"comment_status":"open","ping_status":"open","sticky":false,"template":"","format":"standard","meta":{"footnotes":""},"categories":[6],"tags":[],"class_list":["post-14197","post","type-post","status-publish","format-standard","has-post-thumbnail","hentry","category-politics"],"_links":{"self":[{"href":"https:\/\/dekkbi.com\/index.php?rest_route=\/wp\/v2\/posts\/14197","targetHints":{"allow":["GET"]}}],"collection":[{"href":"https:\/\/dekkbi.com\/index.php?rest_route=\/wp\/v2\/posts"}],"about":[{"href":"https:\/\/dekkbi.com\/index.php?rest_route=\/wp\/v2\/types\/post"}],"author":[{"embeddable":true,"href":"https:\/\/dekkbi.com\/index.php?rest_route=\/wp\/v2\/users\/1"}],"replies":[{"embeddable":true,"href":"https:\/\/dekkbi.com\/index.php?rest_route=%2Fwp%2Fv2%2Fcomments&post=14197"}],"version-history":[{"count":1,"href":"https:\/\/dekkbi.com\/index.php?rest_route=\/wp\/v2\/posts\/14197\/revisions"}],"predecessor-version":[{"id":14198,"href":"https:\/\/dekkbi.com\/index.php?rest_route=\/wp\/v2\/posts\/14197\/revisions\/14198"}],"wp:featuredmedia":[{"embeddable":true,"href":"https:\/\/dekkbi.com\/index.php?rest_route=\/wp\/v2\/media\/13145"}],"wp:attachment":[{"href":"https:\/\/dekkbi.com\/index.php?rest_route=%2Fwp%2Fv2%2Fmedia&parent=14197"}],"wp:term":[{"taxonomy":"category","embeddable":true,"href":"https:\/\/dekkbi.com\/index.php?rest_route=%2Fwp%2Fv2%2Fcategories&post=14197"},{"taxonomy":"post_tag","embeddable":true,"href":"https:\/\/dekkbi.com\/index.php?rest_route=%2Fwp%2Fv2%2Ftags&post=14197"}],"curies":[{"name":"wp","href":"https:\/\/api.w.org\/{rel}","templated":true}]}}