{"id":14168,"date":"2023-06-15T10:51:20","date_gmt":"2023-06-15T10:51:20","guid":{"rendered":"https:\/\/dekkbi.com\/?p=14168"},"modified":"2023-06-15T10:51:21","modified_gmt":"2023-06-15T10:51:21","slug":"cest-plus-des-emeutes-de-la-faim-quune-contestation-politique","status":"publish","type":"post","link":"https:\/\/dekkbi.com\/?p=14168","title":{"rendered":"\u00ab\u00a0C&rsquo;est plus des \u00e9meutes de la faim qu&rsquo;une contestation politique\u00a0\u00bb"},"content":{"rendered":"\n<p>iGFM (Dakar) &#8211; Le journaliste Cheikh Y\u00e9rim Seck est revenu sur les violentes manifestations not\u00e9es au S\u00e9n\u00e9gal au d\u00e9but du mois de juin. Pour lui, \u00ab\u00a0c&rsquo;est plus des \u00e9meutes de la faim qu&rsquo;une contestation politique.\u00a0\u00bb<\/p>\n\n\n\n<figure class=\"wp-block-embed is-type-rich is-provider-prise-en-charge-des-contenus-embarques wp-block-embed-prise-en-charge-des-contenus-embarques wp-embed-aspect-16-9 wp-has-aspect-ratio\"><div class=\"wp-block-embed__wrapper\">\n<iframe loading=\"lazy\" title=\"&quot;Niit yi l\u00e9k ak xaliss laniou donn lidieunti, danio xiff mais pas ay Sonko&quot;\" width=\"800\" height=\"450\" src=\"https:\/\/www.youtube.com\/embed\/z3VqdAGYUNU?feature=oembed\" frameborder=\"0\" allow=\"accelerometer; autoplay; clipboard-write; encrypted-media; gyroscope; picture-in-picture; web-share\" allowfullscreen><\/iframe>\n<\/div><\/figure>\n\n\n\n<p>Publi\u00e9 par Mamadou Salif<\/p>\n","protected":false},"excerpt":{"rendered":"<p>iGFM (Dakar) &#8211; Le journaliste Cheikh Y\u00e9rim Seck est revenu sur les violentes manifestations not\u00e9es au S\u00e9n\u00e9gal au d\u00e9but du<\/p>\n","protected":false},"author":1,"featured_media":14171,"comment_status":"open","ping_status":"open","sticky":false,"template":"","format":"standard","meta":{"footnotes":""},"categories":[21],"tags":[],"class_list":["post-14168","post","type-post","status-publish","format-standard","has-post-thumbnail","hentry","category-societe"],"_links":{"self":[{"href":"https:\/\/dekkbi.com\/index.php?rest_route=\/wp\/v2\/posts\/14168","targetHints":{"allow":["GET"]}}],"collection":[{"href":"https:\/\/dekkbi.com\/index.php?rest_route=\/wp\/v2\/posts"}],"about":[{"href":"https:\/\/dekkbi.com\/index.php?rest_route=\/wp\/v2\/types\/post"}],"author":[{"embeddable":true,"href":"https:\/\/dekkbi.com\/index.php?rest_route=\/wp\/v2\/users\/1"}],"replies":[{"embeddable":true,"href":"https:\/\/dekkbi.com\/index.php?rest_route=%2Fwp%2Fv2%2Fcomments&post=14168"}],"version-history":[{"count":1,"href":"https:\/\/dekkbi.com\/index.php?rest_route=\/wp\/v2\/posts\/14168\/revisions"}],"predecessor-version":[{"id":14172,"href":"https:\/\/dekkbi.com\/index.php?rest_route=\/wp\/v2\/posts\/14168\/revisions\/14172"}],"wp:featuredmedia":[{"embeddable":true,"href":"https:\/\/dekkbi.com\/index.php?rest_route=\/wp\/v2\/media\/14171"}],"wp:attachment":[{"href":"https:\/\/dekkbi.com\/index.php?rest_route=%2Fwp%2Fv2%2Fmedia&parent=14168"}],"wp:term":[{"taxonomy":"category","embeddable":true,"href":"https:\/\/dekkbi.com\/index.php?rest_route=%2Fwp%2Fv2%2Fcategories&post=14168"},{"taxonomy":"post_tag","embeddable":true,"href":"https:\/\/dekkbi.com\/index.php?rest_route=%2Fwp%2Fv2%2Ftags&post=14168"}],"curies":[{"name":"wp","href":"https:\/\/api.w.org\/{rel}","templated":true}]}}