{"id":14163,"date":"2023-06-15T10:11:09","date_gmt":"2023-06-15T10:11:09","guid":{"rendered":"https:\/\/dekkbi.com\/?p=14163"},"modified":"2023-06-15T10:11:10","modified_gmt":"2023-06-15T10:11:10","slug":"mediation-africaine-macky-et-5-de-ses-pairs-a-kiev-et-saint-petersbourg","status":"publish","type":"post","link":"https:\/\/dekkbi.com\/?p=14163","title":{"rendered":"M\u00e9diation africaine: Macky et 5 de ses pairs \u00e0 Kiev et Saint-P\u00e9tersbourg"},"content":{"rendered":"\n<p><strong>Apr\u00e8s Sotchi en juin 2022, Macky Sall se rend demain et samedi \u00e0 Kiev et Saint-P\u00e9tersbourg, en compagnie des pr\u00e9sidents du Congo, de l\u2019Egypte, de l\u2019Afrique du Sud, de l\u2019Ouganda et de la Zambie, dans le cadre d\u2019une m\u00e9diation africaine. Bien qu\u2019affichant une certaine neutralit\u00e9, l\u2019Afrique est touch\u00e9e par cette guerre russo-ukrainienne.<\/strong><\/p>\n\n\n\n<p><strong>Par Ousmane SOW \u2013&nbsp;<\/strong>C\u2019\u00e9tait dans les tuyaux diplomatiques\u2026 Le Pr\u00e9sident Sall a annonc\u00e9, mercredi en Conseil des ministres, qu\u2019il participera \u00e0 la mission africaine de m\u00e9diation pour la paix pr\u00e9vue \u00e0 Kiev (Ukraine) et \u00e0 Saint-P\u00e9ters\u00adbourg (Russie), les 16 et 17 juin 2023. C\u2019est une mission de m\u00e9diation de six dirigeants africains, qui se rendront en Russie et en Ukraine \u00e0 l\u2019initiative de la Fondation Brazzaville : il s\u2019agit des pr\u00e9sidents du Congo-Brazzaville, de l\u2019Egypte, du S\u00e9n\u00e9gal, de l\u2019Afrique du Sud, de l\u2019Ouganda et de la Zambie. Ce sera une premi\u00e8re visite de dirigeants africains en Ukraine, frapp\u00e9e par des bombardements russes depuis plus d\u2019un an. Cette guerre a pouss\u00e9 les dirigeants de Kiev \u00e0 se rapprocher de l\u2019Afrique. Apr\u00e8s l\u2019\u00e9clatement de la guerre, le ministre des Affaires \u00e9trang\u00e8res ukrainien s\u2019\u00e9tait aussi rendu \u00e0 Dakar. Et le Pr\u00e9sident Zelinsky s\u2019\u00e9tait aussi adress\u00e9 aux dirigeants africains par visio-conf\u00e9rence.<\/p>\n\n\n\n<p>Pour Macky Sall, ce sera un deuxi\u00e8me s\u00e9jour en Russie. En tant que pr\u00e9sident en exercice de l\u2019Union africaine (Ua), il s\u2019\u00e9tait rendu \u00e0 Sotchi en juin 2022 pour rencontrer Vladimir Pou\u00adtine, en compagnie du pr\u00e9sident de la Commission de l\u2019Ua, Moussa Faki Mahamat. C\u2019\u00e9tait au d\u00e9but de l\u2019invasion russe en Ukraine. Cette visite avait pour but de contribuer \u00e0 l\u2019accalmie dans la guerre en Ukraine et \u00e0 la lib\u00e9ration des stocks de c\u00e9r\u00e9ales et de fertilisants dont le blocage affecte particuli\u00e8rement les pays africains. Le Pr\u00e9sident Macky Sall avait souhait\u00e9 la lev\u00e9e des sanctions occidentales contre la Russie, du moins en ce qui concerne les c\u00e9r\u00e9ales, notamment le bl\u00e9, les engrais, surtout l\u2019Ur\u00e9e. Le dirigeant s\u00e9n\u00e9galais s\u2019adressait \u00e0 son homologue russe, Vladimir Poutine, au cours d\u2019un entretien que ce dernier leur a accord\u00e9, \u00e0 lui et au pr\u00e9sident de la Commission de l\u2019Union africaine, M. Moussa Faki Mahamat. Le chef de l\u2019Etat s\u00e9n\u00e9galais avait fait valoir que bien qu\u2019\u00e9loign\u00e9s du th\u00e9\u00e2tre des op\u00e9rations entre la Russie et l\u2019Ukraine, les pays africains sont aussi victimes des sanctions qui frappent la Russie, et dont ils ressentent fortement les cons\u00e9quences \u00e9conomiques. Il a ainsi expliqu\u00e9 \u00e0 M. Poutine : \u00abNous n\u2019avons plus acc\u00e8s au bl\u00e9 venant de la Russie, mais surtout aux engrais et \u00e0 l\u2019ur\u00e9e, alors que notre agriculture est d\u00e9j\u00e0 d\u00e9ficitaire. Cela a des cons\u00e9quences sur la s\u00e9curit\u00e9 alimentaire du continent.\u00bb<\/p>\n\n\n\n<p><br>Cette visite en Russie risque de faire jaser aussi au sein de la communaut\u00e9 europ\u00e9enne. Car la neutralit\u00e9 de certains pays a toujours irrit\u00e9 des dirigeants de l\u2019Union europ\u00e9enne qui ont toujours vu leurs r\u00e9solutions \u00eatre bloqu\u00e9es dans les instances onusiennes \u00e0 cause de leur abstention. La plupart des pays africains ont souvent vot\u00e9 contre elles, paralysant souvent ces initiatives diplomatiques men\u00e9es au niveau du Conseil de s\u00e9curit\u00e9 ou de l\u2019Assembl\u00e9e g\u00e9n\u00e9rale de l\u2019Onu.<\/p>\n","protected":false},"excerpt":{"rendered":"<p>Apr\u00e8s Sotchi en juin 2022, Macky Sall se rend demain et samedi \u00e0 Kiev et Saint-P\u00e9tersbourg, en compagnie des pr\u00e9sidents<\/p>\n","protected":false},"author":1,"featured_media":14164,"comment_status":"open","ping_status":"open","sticky":false,"template":"","format":"standard","meta":{"footnotes":""},"categories":[6],"tags":[],"class_list":["post-14163","post","type-post","status-publish","format-standard","has-post-thumbnail","hentry","category-politics"],"_links":{"self":[{"href":"https:\/\/dekkbi.com\/index.php?rest_route=\/wp\/v2\/posts\/14163","targetHints":{"allow":["GET"]}}],"collection":[{"href":"https:\/\/dekkbi.com\/index.php?rest_route=\/wp\/v2\/posts"}],"about":[{"href":"https:\/\/dekkbi.com\/index.php?rest_route=\/wp\/v2\/types\/post"}],"author":[{"embeddable":true,"href":"https:\/\/dekkbi.com\/index.php?rest_route=\/wp\/v2\/users\/1"}],"replies":[{"embeddable":true,"href":"https:\/\/dekkbi.com\/index.php?rest_route=%2Fwp%2Fv2%2Fcomments&post=14163"}],"version-history":[{"count":1,"href":"https:\/\/dekkbi.com\/index.php?rest_route=\/wp\/v2\/posts\/14163\/revisions"}],"predecessor-version":[{"id":14165,"href":"https:\/\/dekkbi.com\/index.php?rest_route=\/wp\/v2\/posts\/14163\/revisions\/14165"}],"wp:featuredmedia":[{"embeddable":true,"href":"https:\/\/dekkbi.com\/index.php?rest_route=\/wp\/v2\/media\/14164"}],"wp:attachment":[{"href":"https:\/\/dekkbi.com\/index.php?rest_route=%2Fwp%2Fv2%2Fmedia&parent=14163"}],"wp:term":[{"taxonomy":"category","embeddable":true,"href":"https:\/\/dekkbi.com\/index.php?rest_route=%2Fwp%2Fv2%2Fcategories&post=14163"},{"taxonomy":"post_tag","embeddable":true,"href":"https:\/\/dekkbi.com\/index.php?rest_route=%2Fwp%2Fv2%2Ftags&post=14163"}],"curies":[{"name":"wp","href":"https:\/\/api.w.org\/{rel}","templated":true}]}}