{"id":14129,"date":"2023-06-14T13:03:11","date_gmt":"2023-06-14T13:03:11","guid":{"rendered":"https:\/\/dekkbi.com\/?p=14129"},"modified":"2023-06-14T13:03:12","modified_gmt":"2023-06-14T13:03:12","slug":"coupure-du-signal-de-walfadjri-la-motion-de-soutien-dand-gueusseum","status":"publish","type":"post","link":"https:\/\/dekkbi.com\/?p=14129","title":{"rendered":"Coupure du signal de Walfadjri : La motion de soutien d&rsquo;And Gueusseum"},"content":{"rendered":"\n<p>Le signal de Walf TV\u00a0 a \u00e9t\u00e9 coup\u00e9 par le ministre en charge de la communication. Ceci a \u00e9t\u00e9 fait sans sommation ni avertissement, selon les responsables du groupe de presse de Yhar Yalla. Il s&rsquo;agit d&rsquo;une flagrante violation de la disposition de l\u2019article 94 du Code de la presse, selon le Directoire national de l&rsquo;ASAS And Gueusseum.\u00a0<br>Pour le syndicat de la sant\u00e9, \u00e0 travers un communiqu\u00e9 rendu public,\u00a0 c&rsquo;est \u00ab\u00a0une agression et une s\u00e9rieuse menace sur la masse salariale des agents et, partant, sur la survie de cette embl\u00e9matique entreprise de communication, sans oublier les r\u00e9percussions et stigmates sur la vie de ces travailleurs et celle de leurs innocentes familles\u00a0\u00bb.<br>\u00a0Par ailleurs, tout en revendiquant le droit \u00e0 la libert\u00e9 de la presse, And Gueusseum n&rsquo;en consid\u00e8re pas moins le devoir de responsabilit\u00e9 qui incombe \u00e0 chaque acteur, citoyen, journaliste, gouvernant ou consum\u00e9riste pour la promotion de la paix et la s\u00e9curit\u00e9 indispensables \u00e0 tout d\u00e9veloppement.\u00a0<br>And Gueusseum adresse ainsi une motion\u00a0 de soutien au groupe de presse Walfadjri et lui t\u00e9moigne sa solidarit\u00e9 durant cette \u00e9preuve. \u00ab\u00a0Walf apporte sa participation au d\u00e9veloppement \u00e9conomique et social du pays par l&rsquo;\u00e9veil des consciences\u00a0\u00bb, conclut le document.<\/p>\n\n\n\n<p>Source &#8211; seneweb<\/p>\n","protected":false},"excerpt":{"rendered":"<p>Le signal de Walf TV\u00a0 a \u00e9t\u00e9 coup\u00e9 par le ministre en charge de la communication. Ceci a \u00e9t\u00e9 fait<\/p>\n","protected":false},"author":1,"featured_media":14130,"comment_status":"open","ping_status":"open","sticky":false,"template":"","format":"standard","meta":{"footnotes":""},"categories":[21],"tags":[],"class_list":["post-14129","post","type-post","status-publish","format-standard","has-post-thumbnail","hentry","category-societe"],"_links":{"self":[{"href":"https:\/\/dekkbi.com\/index.php?rest_route=\/wp\/v2\/posts\/14129","targetHints":{"allow":["GET"]}}],"collection":[{"href":"https:\/\/dekkbi.com\/index.php?rest_route=\/wp\/v2\/posts"}],"about":[{"href":"https:\/\/dekkbi.com\/index.php?rest_route=\/wp\/v2\/types\/post"}],"author":[{"embeddable":true,"href":"https:\/\/dekkbi.com\/index.php?rest_route=\/wp\/v2\/users\/1"}],"replies":[{"embeddable":true,"href":"https:\/\/dekkbi.com\/index.php?rest_route=%2Fwp%2Fv2%2Fcomments&post=14129"}],"version-history":[{"count":1,"href":"https:\/\/dekkbi.com\/index.php?rest_route=\/wp\/v2\/posts\/14129\/revisions"}],"predecessor-version":[{"id":14131,"href":"https:\/\/dekkbi.com\/index.php?rest_route=\/wp\/v2\/posts\/14129\/revisions\/14131"}],"wp:featuredmedia":[{"embeddable":true,"href":"https:\/\/dekkbi.com\/index.php?rest_route=\/wp\/v2\/media\/14130"}],"wp:attachment":[{"href":"https:\/\/dekkbi.com\/index.php?rest_route=%2Fwp%2Fv2%2Fmedia&parent=14129"}],"wp:term":[{"taxonomy":"category","embeddable":true,"href":"https:\/\/dekkbi.com\/index.php?rest_route=%2Fwp%2Fv2%2Fcategories&post=14129"},{"taxonomy":"post_tag","embeddable":true,"href":"https:\/\/dekkbi.com\/index.php?rest_route=%2Fwp%2Fv2%2Ftags&post=14129"}],"curies":[{"name":"wp","href":"https:\/\/api.w.org\/{rel}","templated":true}]}}