{"id":14107,"date":"2023-06-14T11:45:08","date_gmt":"2023-06-14T11:45:08","guid":{"rendered":"https:\/\/dekkbi.com\/?p=14107"},"modified":"2023-06-14T11:45:09","modified_gmt":"2023-06-14T11:45:09","slug":"velingara-association-des-personnes-vivant-avec-un-handicap-distribution-de-chaises-roulantes-et-de-cremes-solaires","status":"publish","type":"post","link":"https:\/\/dekkbi.com\/?p=14107","title":{"rendered":"V\u00e9lingara\u00a0: Association des personnes vivant avec un handicap : Distribution de chaises roulantes et de cr\u00e8mes solaires"},"content":{"rendered":"\n<p><strong>Une dizaine de jeunes enfants \u00e0 mobilit\u00e9 r\u00e9duite et le m\u00eame nombre d\u2019albinos ont b\u00e9n\u00e9fici\u00e9 d\u2019un appui en cr\u00e8me solaire et en fauteuil roulant de l\u2019Association d\u00e9partementale des personnes vivant avec un handicap. Histoire de les aider \u00e0 soulager leurs contraintes physiques sp\u00e9cifiques.<\/strong><\/p>\n\n\n\n<p><strong>Par Abdoulaye KAMARA \u2013&nbsp;<\/strong>Alpha Omar Diallo et Mama\u00addou Diallo, 2 fr\u00e8res albinos habitant la Cit\u00e9-march\u00e9 de Diaob\u00e9, ont re\u00e7u, dimanche pass\u00e9, un lot de cr\u00e8mes solaires des mains du pr\u00e9sident d\u00e9partemental de l\u2019Association des personnes vivant avec un handicap. Ils ne sont pas les seuls \u00e0 avoir re\u00e7u ces produits qui prot\u00e8gent leur peau fragile contre les effets ravageurs des ardents rayons solaires. 8 autres en\u00adfants albinos ont \u00e9galement re\u00e7u les m\u00eames produits. Un appui que la maman des jeunes Diallo appr\u00e9cie.<\/p>\n\n\n\n<p>Ramatoulaye Diallo, qui les a conduits au niveau du Service d\u00e9partemental de l\u2019action sociale, a laiss\u00e9 \u00e9clater sa joie&nbsp;: \u00abPour la premi\u00e8re fois, mes enfants re\u00e7oivent ce genre d\u2019appui. Mon a\u00een\u00e9, Alpha Omar, a abandonn\u00e9 les \u00e9tudes en classe de CM1 parce qu\u2019il ne pouvait pas lire les \u00e9critures au tableau. Malgr\u00e9 ses bonnes notes. Son jeune fr\u00e8re, Ma\u00admadou, en classe de CE1, est aussi sur le point de perdre sa vue. Il s\u2019est mal class\u00e9 \u00e0 la derni\u00e8re composition parce qu\u2019il commence \u00e0 avoir des probl\u00e8mes de vision.&nbsp;Peut-\u00eatre que ces produits peuvent corriger cela.\u00bb Adama Diould\u00e9 Toun\u00adkara du village de Djimini a aussi d\u00e9clar\u00e9&nbsp;: \u00abJ\u2019ai abandonn\u00e9 les \u00e9tudes en classe de CE1 du fait des regards insistants de certains qui me g\u00eanaient. Actuellement, seul le soleil me g\u00eane, il br\u00fble ma peau.&nbsp;Il para\u00eet que ces cr\u00e8mes vont aider \u00e0 att\u00e9nuer l\u2019effet g\u00eanant des rayons solaires sur mon visage et ma peau.\u00bb<\/p>\n\n\n\n<p>Leur bienfaiteur de pr\u00e9sident, Habib Sabaly, a d\u00e9voil\u00e9 la source de cet appui. \u00abC\u2019est l\u2019Association Lea, bas\u00e9e en France, qui collabore avec la commune de Kandia, qui nous a remis un don compos\u00e9 de cr\u00e8mes solaires, de fauteuils roulants et de b\u00e9quilles. Nous avons jug\u00e9 n\u00e9cessaire de cibler les enfants. Il y a beaucoup d\u2019enfants en situation de handicap qui rencontrent des difficult\u00e9s \u00e0 l\u2019\u00e9cole ou sur le chemin de l\u2019\u00e9cole. C\u2019est pour soulager leurs contraintes physiques sp\u00e9cifiques.\u00bb En sus des cr\u00e8mes, l\u2019association a aussi mis \u00e0 la disposition de 10 enfants \u00e0 mobilit\u00e9 r\u00e9duite, 10 fauteuils roulants.\u00a0Laurent Bandiaky, parent d\u2019un b\u00e9n\u00e9ficiaire\u00a0: \u00abCet appui me va droit au c\u0153ur. Il me facilite la prise en charge de cet enfant. On ne sera plus oblig\u00e9 de le porter \u00e0 bout de bras \u00e0 chaque fois. Nous remercions ceux qui ont facilit\u00e9 l\u2019acquisition de cet appui.\u00bb La liste des enfants \u00e0 situation de handicap est longue, selon Habib Sabaly. Pour en satisfaire encore d\u2019autres, M. Sabaly a sollicit\u00e9 particuli\u00e8rement l\u2019appui du Conseil d\u00e9partemental.<br><strong>Source &#8211; lequotidien.sn<\/strong><\/p>\n","protected":false},"excerpt":{"rendered":"<p>Une dizaine de jeunes enfants \u00e0 mobilit\u00e9 r\u00e9duite et le m\u00eame nombre d\u2019albinos ont b\u00e9n\u00e9fici\u00e9 d\u2019un appui en cr\u00e8me solaire<\/p>\n","protected":false},"author":1,"featured_media":14108,"comment_status":"open","ping_status":"open","sticky":false,"template":"","format":"standard","meta":{"footnotes":""},"categories":[21],"tags":[],"class_list":["post-14107","post","type-post","status-publish","format-standard","has-post-thumbnail","hentry","category-societe"],"_links":{"self":[{"href":"https:\/\/dekkbi.com\/index.php?rest_route=\/wp\/v2\/posts\/14107","targetHints":{"allow":["GET"]}}],"collection":[{"href":"https:\/\/dekkbi.com\/index.php?rest_route=\/wp\/v2\/posts"}],"about":[{"href":"https:\/\/dekkbi.com\/index.php?rest_route=\/wp\/v2\/types\/post"}],"author":[{"embeddable":true,"href":"https:\/\/dekkbi.com\/index.php?rest_route=\/wp\/v2\/users\/1"}],"replies":[{"embeddable":true,"href":"https:\/\/dekkbi.com\/index.php?rest_route=%2Fwp%2Fv2%2Fcomments&post=14107"}],"version-history":[{"count":1,"href":"https:\/\/dekkbi.com\/index.php?rest_route=\/wp\/v2\/posts\/14107\/revisions"}],"predecessor-version":[{"id":14109,"href":"https:\/\/dekkbi.com\/index.php?rest_route=\/wp\/v2\/posts\/14107\/revisions\/14109"}],"wp:featuredmedia":[{"embeddable":true,"href":"https:\/\/dekkbi.com\/index.php?rest_route=\/wp\/v2\/media\/14108"}],"wp:attachment":[{"href":"https:\/\/dekkbi.com\/index.php?rest_route=%2Fwp%2Fv2%2Fmedia&parent=14107"}],"wp:term":[{"taxonomy":"category","embeddable":true,"href":"https:\/\/dekkbi.com\/index.php?rest_route=%2Fwp%2Fv2%2Fcategories&post=14107"},{"taxonomy":"post_tag","embeddable":true,"href":"https:\/\/dekkbi.com\/index.php?rest_route=%2Fwp%2Fv2%2Ftags&post=14107"}],"curies":[{"name":"wp","href":"https:\/\/api.w.org\/{rel}","templated":true}]}}