{"id":14104,"date":"2023-06-14T11:36:48","date_gmt":"2023-06-14T11:36:48","guid":{"rendered":"https:\/\/dekkbi.com\/?p=14104"},"modified":"2023-06-14T11:36:50","modified_gmt":"2023-06-14T11:36:50","slug":"manifs-de-juin-ce-que-la-sonatel-et-wave-ont-perdu","status":"publish","type":"post","link":"https:\/\/dekkbi.com\/?p=14104","title":{"rendered":"Manifs de juin : ce que la Sonatel et Wave ont perdu"},"content":{"rendered":"\n<p>Apr\u00e8s les manifestations des 1er, 2 et 3 juin, l\u2019heure est au bilan notamment pour le secteur priv\u00e9. La Sonatel et Wave se sont pli\u00e9s \u00e0 l\u2019exercice.<\/p>\n\n\n\n<p>La soci\u00e9t\u00e9 de t\u00e9l\u00e9phonie d\u00e9plore 577 millions de francs CFA de pertes. L\u2019op\u00e9rateur de transfert d\u2019argent de son c\u00f4t\u00e9 pointe une baisse de 40% du volume des transactions durant la p\u00e9riode consid\u00e9r\u00e9e.<\/p>\n\n\n\n<p>\u00ab\u00c7a va au-del\u00e0 des simples utilisateurs. \u00c7a impacte nos partenaires business aussi, informe dans L\u2019Observateur Koura S\u00e8ne, la repr\u00e9sentante de Wave au S\u00e9n\u00e9gal. En g\u00e9n\u00e9ral, c\u2019est plus de 7 millions de clients qui ont \u00e9t\u00e9 impact\u00e9s par ces troubles et la coupure d\u2019internet.\u00bb<\/p>\n\n\n\n<p>Les pertes de la Sonatel d\u00e9plor\u00e9es par son directeur de la communication, Abdou Karim Mbengue, repris par Vox Populi, concernent \u00ables smart stores, l\u2019agence Limamou Laye des Parcelles Assainies, qui a \u00e9t\u00e9 totalement d\u00e9truite\u00bb.<\/p>\n\n\n\n<p>\u00abTrois v\u00e9hicules de ladite soci\u00e9t\u00e9 ainsi que du mat\u00e9riel informatique d\u2019une valeur de 13 millions ont \u00e9t\u00e9 comptabilis\u00e9s, 309 kiosques partenaires money n\u2019ont pas \u00e9t\u00e9 \u00e9pargn\u00e9s\u00bb, a ajout\u00e9 Abdou Karim Mbengue, avant d\u2019informer que les employ\u00e9s de l\u2019agence d\u00e9truite seront red\u00e9ploy\u00e9s dans d\u2019autres entit\u00e9s de la Sonatel.<\/p>\n\n\n\n<p>Source &#8211; l\u00e9ral<\/p>\n","protected":false},"excerpt":{"rendered":"<p>Apr\u00e8s les manifestations des 1er, 2 et 3 juin, l\u2019heure est au bilan notamment pour le secteur priv\u00e9. La Sonatel<\/p>\n","protected":false},"author":1,"featured_media":14105,"comment_status":"open","ping_status":"open","sticky":false,"template":"","format":"standard","meta":{"footnotes":""},"categories":[3],"tags":[],"class_list":["post-14104","post","type-post","status-publish","format-standard","has-post-thumbnail","hentry","category-event-more-news"],"_links":{"self":[{"href":"https:\/\/dekkbi.com\/index.php?rest_route=\/wp\/v2\/posts\/14104","targetHints":{"allow":["GET"]}}],"collection":[{"href":"https:\/\/dekkbi.com\/index.php?rest_route=\/wp\/v2\/posts"}],"about":[{"href":"https:\/\/dekkbi.com\/index.php?rest_route=\/wp\/v2\/types\/post"}],"author":[{"embeddable":true,"href":"https:\/\/dekkbi.com\/index.php?rest_route=\/wp\/v2\/users\/1"}],"replies":[{"embeddable":true,"href":"https:\/\/dekkbi.com\/index.php?rest_route=%2Fwp%2Fv2%2Fcomments&post=14104"}],"version-history":[{"count":1,"href":"https:\/\/dekkbi.com\/index.php?rest_route=\/wp\/v2\/posts\/14104\/revisions"}],"predecessor-version":[{"id":14106,"href":"https:\/\/dekkbi.com\/index.php?rest_route=\/wp\/v2\/posts\/14104\/revisions\/14106"}],"wp:featuredmedia":[{"embeddable":true,"href":"https:\/\/dekkbi.com\/index.php?rest_route=\/wp\/v2\/media\/14105"}],"wp:attachment":[{"href":"https:\/\/dekkbi.com\/index.php?rest_route=%2Fwp%2Fv2%2Fmedia&parent=14104"}],"wp:term":[{"taxonomy":"category","embeddable":true,"href":"https:\/\/dekkbi.com\/index.php?rest_route=%2Fwp%2Fv2%2Fcategories&post=14104"},{"taxonomy":"post_tag","embeddable":true,"href":"https:\/\/dekkbi.com\/index.php?rest_route=%2Fwp%2Fv2%2Ftags&post=14104"}],"curies":[{"name":"wp","href":"https:\/\/api.w.org\/{rel}","templated":true}]}}