{"id":14088,"date":"2023-06-14T10:35:58","date_gmt":"2023-06-14T10:35:58","guid":{"rendered":"https:\/\/dekkbi.com\/?p=14088"},"modified":"2023-06-14T10:35:59","modified_gmt":"2023-06-14T10:35:59","slug":"manifestations-zahra-iyane-thiam-denonce-une-campagne-de-destabilisation-des-medias-francais","status":"publish","type":"post","link":"https:\/\/dekkbi.com\/?p=14088","title":{"rendered":"Manifestations : Zahra Iyane Thiam d\u00e9nonce une \u00ab\u00a0campagne de d\u00e9stabilisation des m\u00e9dias fran\u00e7ais\u00a0\u00bb"},"content":{"rendered":"\n<p>\u00ab\u00a0La posture des m\u00e9dias d&rsquo;Etat fran\u00e7ais est-elle due au fait que la France et les soci\u00e9t\u00e9s fran\u00e7aises sont largu\u00e9es dans l&rsquo;exploitation de nos nouvelles ressources ?\u00a0\u00bb.C&rsquo;est la question que la directrice g\u00e9n\u00e9rale de l&rsquo;Agence s\u00e9n\u00e9galaise pour la promotion des exportations (ASEPEX), Zahra Iyane Thiam, se pose via Twitter.\u00a0\u00bbCela justifie t-elle cette campagne de d\u00e9stabilisation et les attaques contre le S\u00e9n\u00e9gal ? Que dire de la nouvelle attitude des n\u00e9o partisans de France aime moi ?\u00a0\u00bb, s\u2019interroge l\u2019ancienne ministre.<br>Cette sortie fait suite aux diff\u00e9rents reportages effectu\u00e9s par des m\u00e9dias fran\u00e7ais sur la pr\u00e9sence de \u201cnervis du pouvoir\u201d aux c\u00f4t\u00e9s des forces de l\u2019ordre lors des manifestations.\u00a0<\/p>\n\n\n\n<p>Source &#8211; seneweb<\/p>\n","protected":false},"excerpt":{"rendered":"<p>\u00ab\u00a0La posture des m\u00e9dias d&rsquo;Etat fran\u00e7ais est-elle due au fait que la France et les soci\u00e9t\u00e9s fran\u00e7aises sont largu\u00e9es dans<\/p>\n","protected":false},"author":1,"featured_media":14089,"comment_status":"open","ping_status":"open","sticky":false,"template":"","format":"standard","meta":{"footnotes":""},"categories":[6],"tags":[],"class_list":["post-14088","post","type-post","status-publish","format-standard","has-post-thumbnail","hentry","category-politics"],"_links":{"self":[{"href":"https:\/\/dekkbi.com\/index.php?rest_route=\/wp\/v2\/posts\/14088","targetHints":{"allow":["GET"]}}],"collection":[{"href":"https:\/\/dekkbi.com\/index.php?rest_route=\/wp\/v2\/posts"}],"about":[{"href":"https:\/\/dekkbi.com\/index.php?rest_route=\/wp\/v2\/types\/post"}],"author":[{"embeddable":true,"href":"https:\/\/dekkbi.com\/index.php?rest_route=\/wp\/v2\/users\/1"}],"replies":[{"embeddable":true,"href":"https:\/\/dekkbi.com\/index.php?rest_route=%2Fwp%2Fv2%2Fcomments&post=14088"}],"version-history":[{"count":1,"href":"https:\/\/dekkbi.com\/index.php?rest_route=\/wp\/v2\/posts\/14088\/revisions"}],"predecessor-version":[{"id":14090,"href":"https:\/\/dekkbi.com\/index.php?rest_route=\/wp\/v2\/posts\/14088\/revisions\/14090"}],"wp:featuredmedia":[{"embeddable":true,"href":"https:\/\/dekkbi.com\/index.php?rest_route=\/wp\/v2\/media\/14089"}],"wp:attachment":[{"href":"https:\/\/dekkbi.com\/index.php?rest_route=%2Fwp%2Fv2%2Fmedia&parent=14088"}],"wp:term":[{"taxonomy":"category","embeddable":true,"href":"https:\/\/dekkbi.com\/index.php?rest_route=%2Fwp%2Fv2%2Fcategories&post=14088"},{"taxonomy":"post_tag","embeddable":true,"href":"https:\/\/dekkbi.com\/index.php?rest_route=%2Fwp%2Fv2%2Ftags&post=14088"}],"curies":[{"name":"wp","href":"https:\/\/api.w.org\/{rel}","templated":true}]}}