{"id":14079,"date":"2023-06-14T10:02:04","date_gmt":"2023-06-14T10:02:04","guid":{"rendered":"https:\/\/dekkbi.com\/?p=14079"},"modified":"2023-06-14T10:02:05","modified_gmt":"2023-06-14T10:02:05","slug":"amadou-ba-nous-devons-au-mois-de-decembre-inaugurer-le-brt","status":"publish","type":"post","link":"https:\/\/dekkbi.com\/?p=14079","title":{"rendered":"Amadou Ba : \u201cNous devons au mois de d\u00e9cembre inaugurer le BRT\u201d"},"content":{"rendered":"\n<p>Le premier ministre Amadou Ba a assur\u00e9 mardi que les travaux du BRT (Bus rapid transit) allait imm\u00e9diatement reprendre afin de respecter les d\u00e9lais de livraison de l\u2019ouvrage fix\u00e9 au mois de d\u00e9cembre.<\/p>\n\n\n\n<p>\u2018\u2019Il y a eu des d\u00e9gradations assez avanc\u00e9es donc j\u2019attends un rapport pour que je puisse le partager avec le pr\u00e9sident d\u00e8s la semaine prochaine pour que l\u2019on ait une \u00e9valuation tr\u00e8s pr\u00e9cise des dommages et que l\u2019on puisse engager des actions en r\u00e9paration\u2019\u2019, a-t-il dit.<\/p>\n\n\n\n<p>Le Premier ministre s\u2019exprimait au terme d\u2019une visite des chantiers du BRT qui a d\u00e9marr\u00e9 \u00e0 Gadaye, en banlieue dakaroise, en pr\u00e9sence des ministres de l\u2019Int\u00e9rieur et des Infrastructures.<\/p>\n\n\n\n<p>Le gouvernement travaille pour que les d\u00e9lais de livraison&nbsp; soient respect\u00e9s, a promis le PM.<\/p>\n\n\n\n<p>\u201dIl y aura certainement quelques \u00e9l\u00e9ments de surco\u00fbt [..] mais nous devons au mois de d\u00e9cembre inaugurer ce projet le mettre \u00e0 disposition des S\u00e9n\u00e9galais pour am\u00e9liorer leur mobilit\u00e9\u2019\u2019, a t-il dit.<\/p>\n\n\n\n<p>Le gouvernement compte \u00e9galement prendre des dispositions pour renforcer la s\u00e9curiser des chantiers du BRT.<\/p>\n\n\n\n<p>Le minist\u00e8re de l\u2019Int\u00e9rieur en relation avec le minist\u00e8re des Infrastructures va initier un programme de s\u00e9curisation du BRT \u00e0 l\u2019instar de celui du TER (Train express r\u00e9gional), a t-il indiqu\u00e9.<\/p>\n\n\n\n<p>\u201dNous devrions avoir des unit\u00e9s sp\u00e9ciales qui s\u2019occuperont de la s\u00e9curit\u00e9 du BRT\u2019\u2019, a assur\u00e9 le Premier ministre.<\/p>\n\n\n\n<p>Il a rappel\u00e9 que le projet moderne de 450 milliards vise \u00e0 doter Dakar d\u2019un syst\u00e8me de transport de masse tr\u00e8s performant qui respecte l\u2019ensemble des r\u00e8gles environnementales. Ce projet devrait permettre \u00e0 300 mille personnes de se d\u00e9placer.<\/p>\n\n\n\n<p>Amadou Ba a rappel\u00e9 que Dakar qui est une presqu\u2019\u00eele avec 0,3% est confront\u00e9e \u00e0 un probl\u00e8me de mobilit\u00e9.<\/p>\n\n\n\n<p>\u201dLors des manifestations, il y a eu beaucoup de d\u00e9sagr\u00e9ments. Les ouvrages ont \u00e9t\u00e9 d\u00e9grad\u00e9s. Il s\u2019agit d\u2019ouvrages collectifs qui appartiennent aux S\u00e9n\u00e9galais et malheureusement ce sont les S\u00e9n\u00e9galais les plus d\u00e9munis qui sont les premiers utilisateurs de ces ouvrages\u201d, a d\u00e9plor\u00e9 le Premier ministre.<\/p>\n\n\n\n<p>Le chef du gouvernement a d\u00e9clar\u00e9 qu\u2019un certain nombre de mesures vont \u00eatre prises pour la reprise des travaux dont le niveau d\u2019ex\u00e9cution d\u00e9passe 70%.<br>\u2018\u2019Il y a des instructions qui ont \u00e9t\u00e9 donn\u00e9es\u2019\u2019 aux responsables pour que \u2018\u2019les travaux puissent reprendre imm\u00e9diatement et que l\u2019on soit dans les d\u00e9lais\u201d de livraison, a t-il dit.<\/p>\n\n\n\n<p>Parlant du BRT toujours, il a estim\u00e9 que \u201dce projet est l\u2019un des plus modernes au monde cela d\u00e9montre un peu l\u2019ambition que le pr\u00e9sident de la R\u00e9publique a pour les populations du S\u00e9n\u00e9gal\u201d.<\/p>\n\n\n\n<p>Source &#8211; seneweb<\/p>\n","protected":false},"excerpt":{"rendered":"<p>Le premier ministre Amadou Ba a assur\u00e9 mardi que les travaux du BRT (Bus rapid transit) allait imm\u00e9diatement reprendre afin<\/p>\n","protected":false},"author":1,"featured_media":14080,"comment_status":"open","ping_status":"open","sticky":false,"template":"","format":"standard","meta":{"footnotes":""},"categories":[21],"tags":[],"class_list":["post-14079","post","type-post","status-publish","format-standard","has-post-thumbnail","hentry","category-societe"],"_links":{"self":[{"href":"https:\/\/dekkbi.com\/index.php?rest_route=\/wp\/v2\/posts\/14079","targetHints":{"allow":["GET"]}}],"collection":[{"href":"https:\/\/dekkbi.com\/index.php?rest_route=\/wp\/v2\/posts"}],"about":[{"href":"https:\/\/dekkbi.com\/index.php?rest_route=\/wp\/v2\/types\/post"}],"author":[{"embeddable":true,"href":"https:\/\/dekkbi.com\/index.php?rest_route=\/wp\/v2\/users\/1"}],"replies":[{"embeddable":true,"href":"https:\/\/dekkbi.com\/index.php?rest_route=%2Fwp%2Fv2%2Fcomments&post=14079"}],"version-history":[{"count":1,"href":"https:\/\/dekkbi.com\/index.php?rest_route=\/wp\/v2\/posts\/14079\/revisions"}],"predecessor-version":[{"id":14081,"href":"https:\/\/dekkbi.com\/index.php?rest_route=\/wp\/v2\/posts\/14079\/revisions\/14081"}],"wp:featuredmedia":[{"embeddable":true,"href":"https:\/\/dekkbi.com\/index.php?rest_route=\/wp\/v2\/media\/14080"}],"wp:attachment":[{"href":"https:\/\/dekkbi.com\/index.php?rest_route=%2Fwp%2Fv2%2Fmedia&parent=14079"}],"wp:term":[{"taxonomy":"category","embeddable":true,"href":"https:\/\/dekkbi.com\/index.php?rest_route=%2Fwp%2Fv2%2Fcategories&post=14079"},{"taxonomy":"post_tag","embeddable":true,"href":"https:\/\/dekkbi.com\/index.php?rest_route=%2Fwp%2Fv2%2Ftags&post=14079"}],"curies":[{"name":"wp","href":"https:\/\/api.w.org\/{rel}","templated":true}]}}