{"id":14061,"date":"2023-06-14T09:35:03","date_gmt":"2023-06-14T09:35:03","guid":{"rendered":"https:\/\/dekkbi.com\/?p=14061"},"modified":"2023-06-14T09:35:04","modified_gmt":"2023-06-14T09:35:04","slug":"mansour-faye-le-brt-a-subi-des-attaques-planifiees-mais-il-roulera-au-mois-de","status":"publish","type":"post","link":"https:\/\/dekkbi.com\/?p=14061","title":{"rendered":"Mansour Faye : \u00ab\u00a0Le BRT a subi des attaques planifi\u00e9es, mais il roulera au mois de&#8230;\u00a0\u00bb"},"content":{"rendered":"\n<p>L&rsquo;information est donn\u00e9e par Mansour Faye, ministre des Infrastructures, des Transports terrestres et du D\u00e9senclavement. \u00ab\u00a0Malgr\u00e9 les sabotages et casses not\u00e9s lors des r\u00e9centes manifestations \u00e0 Dakar, le Bus Rapid Transit (BRT) va rouler au mois de d\u00e9cembre prochain\u00a0\u00bb.\u00a0<br>Il l&rsquo;a fait savoir au terme de l&rsquo;examen, ce mardi, du projet de loi n\u00b005\/2023 qui vise \u00e0 r\u00e9guler le contr\u00f4le des laboratoires d\u2019essais et d\u2019\u00e9tudes dans le secteur du b\u00e2timent et des travaux publics (BTP).<br>\u00ab\u00a0Nous avons constat\u00e9 que l&rsquo;infrastructure a subi des attaques de la part des manifestants. C&rsquo;\u00e9tait bien planifi\u00e9. Beaucoup de mat\u00e9riels ont \u00e9t\u00e9 endommag\u00e9s, mais l&rsquo;\u00c9tat fera tout pour respecter ce d\u00e9lai\u00a0\u00bb, a-t-il ajout\u00e9 \u00e0 la presse.<br>Le fr\u00e8re de la premi\u00e8re dame a r\u00e9v\u00e9l\u00e9 que tous les dommages caus\u00e9s sur ce chantier ont \u00e9t\u00e9 constat\u00e9s pas un huissier et les enqu\u00eates se poursuivent.\u00a0<br>En attendant, le maire de Saint-Louis a r\u00e9it\u00e9r\u00e9 l&rsquo;engagement du gouvernement \u00e0 terminer les travaux pour \u00ab\u00a0l&rsquo;int\u00e9r\u00eat exclusif\u00a0\u00bb des Dakarois.\u00a0 \u00ab\u00a0Le Brt devra partir de Gu\u00e9diawaye \u00e0 Petersen et son objectif, c&rsquo;est de faciliter le d\u00e9placement des S\u00e9n\u00e9galais\u00a0\u00bb, a rappel\u00e9 Mansour Faye.<\/p>\n\n\n\n<p>Source &#8211; seneweb<\/p>\n","protected":false},"excerpt":{"rendered":"<p>L&rsquo;information est donn\u00e9e par Mansour Faye, ministre des Infrastructures, des Transports terrestres et du D\u00e9senclavement. \u00ab\u00a0Malgr\u00e9 les sabotages et casses<\/p>\n","protected":false},"author":1,"featured_media":14062,"comment_status":"open","ping_status":"open","sticky":false,"template":"","format":"standard","meta":{"footnotes":""},"categories":[6],"tags":[],"class_list":["post-14061","post","type-post","status-publish","format-standard","has-post-thumbnail","hentry","category-politics"],"_links":{"self":[{"href":"https:\/\/dekkbi.com\/index.php?rest_route=\/wp\/v2\/posts\/14061","targetHints":{"allow":["GET"]}}],"collection":[{"href":"https:\/\/dekkbi.com\/index.php?rest_route=\/wp\/v2\/posts"}],"about":[{"href":"https:\/\/dekkbi.com\/index.php?rest_route=\/wp\/v2\/types\/post"}],"author":[{"embeddable":true,"href":"https:\/\/dekkbi.com\/index.php?rest_route=\/wp\/v2\/users\/1"}],"replies":[{"embeddable":true,"href":"https:\/\/dekkbi.com\/index.php?rest_route=%2Fwp%2Fv2%2Fcomments&post=14061"}],"version-history":[{"count":1,"href":"https:\/\/dekkbi.com\/index.php?rest_route=\/wp\/v2\/posts\/14061\/revisions"}],"predecessor-version":[{"id":14063,"href":"https:\/\/dekkbi.com\/index.php?rest_route=\/wp\/v2\/posts\/14061\/revisions\/14063"}],"wp:featuredmedia":[{"embeddable":true,"href":"https:\/\/dekkbi.com\/index.php?rest_route=\/wp\/v2\/media\/14062"}],"wp:attachment":[{"href":"https:\/\/dekkbi.com\/index.php?rest_route=%2Fwp%2Fv2%2Fmedia&parent=14061"}],"wp:term":[{"taxonomy":"category","embeddable":true,"href":"https:\/\/dekkbi.com\/index.php?rest_route=%2Fwp%2Fv2%2Fcategories&post=14061"},{"taxonomy":"post_tag","embeddable":true,"href":"https:\/\/dekkbi.com\/index.php?rest_route=%2Fwp%2Fv2%2Ftags&post=14061"}],"curies":[{"name":"wp","href":"https:\/\/api.w.org\/{rel}","templated":true}]}}