{"id":13992,"date":"2023-06-13T11:35:10","date_gmt":"2023-06-13T11:35:10","guid":{"rendered":"https:\/\/dekkbi.com\/?p=13992"},"modified":"2023-06-13T11:35:10","modified_gmt":"2023-06-13T11:35:10","slug":"couverture-energetique-pres-de-81-senegalais-sur-100-ont-acces-a-lelectricite","status":"publish","type":"post","link":"https:\/\/dekkbi.com\/?p=13992","title":{"rendered":"COUVERTURE ENERGETIQUE : Pr\u00e8s de 81 S\u00e9n\u00e9galais sur 100 ont acc\u00e8s \u00e0 l\u2019\u00e9lectricit\u00e9"},"content":{"rendered":"\n<p><strong>Depuis plus d\u2019une d\u00e9cennie, le S\u00e9n\u00e9gal a consid\u00e9rablement am\u00e9lior\u00e9 sa couverture \u00e9nerg\u00e9tique gr\u00e2ce \u00e0 une politique volontariste adoss\u00e9e \u00e0 une vision claire. Le taux d\u2019acc\u00e8s national \u00e0 l\u2019\u00e9lectricit\u00e9 est estim\u00e9 \u00e0 80,5 % en 2021. En milieu urbain, il est de 96 % contre 58,2 % en milieu rural.<\/strong><\/p>\n\n\n\n<p>Le S\u00e9n\u00e9gal s\u2019est fix\u00e9 pour ambition d\u2019atteindre l\u2019acc\u00e8s universel \u00e0 l\u2019\u00e9lectricit\u00e9 d\u2019ici \u00e0 2025. Ces derni\u00e8res ann\u00e9es, le pays a fait des progr\u00e8s significatifs avec un&nbsp;<a>taux d\u2019acc\u00e8s national \u00e0 l\u2019\u00e9lectricit\u00e9 de 80,5 % en 2021<\/a>.&nbsp; Selon la Banque mondiale, en milieu urbain, le taux est de 96 % contre 58,2 % en milieu rural alors qu\u2019en 2020, le taux d\u2019\u00e9lectrification du S\u00e9n\u00e9gal \u00e9tait de 70,4 %. A ce rythme, l\u2019objectif affich\u00e9 serait bient\u00f4t atteint par le S\u00e9n\u00e9gal selon M. Niane, directeur de l\u2019\u00e9lectricit\u00e9 au minist\u00e8re du P\u00e9trole et de l\u2019\u00e9nergie. &nbsp;\u00ab&nbsp;Si la dynamique se poursuit, le S\u00e9n\u00e9gal, \u00e0 d\u00e9faut d\u2019atteindre l\u2019acc\u00e8s universel, serait proche de l\u2019objectif&nbsp;\u00bb, ajoute \u2013t-il.<br>M. Niane explique ce bond par la mise en place d\u2019un \u00e9cosyst\u00e8me favorable, qui a rendu possible tous ces progr\u00e8s. Ainsi, pour parer \u00e0 l\u2019urgence, le S\u00e9n\u00e9gal a mis en place d\u2019abord le plan Takkal apr\u00e8s les \u00e9meutes de l\u2019\u00e9lectricit\u00e9 de 2011, avec beaucoup de ressources mobilis\u00e9es pour assurer une fourniture correcte de l\u2019\u00e9nergie.<\/p>\n\n\n\n<p>Avec le changement de r\u00e9gime, en 2012, ces efforts ont \u00e9t\u00e9 poursuivis et accentu\u00e9s \u00e0 travers le Fonds de soutien \u00e0 l\u2019\u00e9nergie (FSE)&nbsp;; l\u2019augmentation des moyens allou\u00e9s \u00e0 la Soci\u00e9t\u00e9 Africaine de Raffinage (SAR) et \u00e0 la Soci\u00e9t\u00e9 nationale d\u2019\u00e9lectricit\u00e9 (SENELEC) et le recours \u00e0 des producteurs priv\u00e9s ind\u00e9pendants.<\/p>\n\n\n\n<p><em>\u00ab&nbsp;Ce dispositif a permis d\u2019am\u00e9liorer sensiblement la fourniture d\u2019\u00e9lectricit\u00e9 avec moins de perturbations&nbsp;\u00bb<\/em>, explique M. Niane. D\u00e9j\u00e0 en 2014, les d\u00e9lestages qui pouvaient durer des heures \u00e9taient devenus rares. Cette politique volontariste visait, dans un premier temps, \u00e0 r\u00e9sorber le gap et, dans un second temps, \u00e0 satisfaire la demande.&nbsp; Ces objectifs passent d\u2019une part, par la s\u00e9curisation de la fourniture en combustible de la SENELEC pour assurer le fonctionnement en permanence de ses centrales \u00e9lectriques et, d\u2019autre part par la r\u00e9alisation d\u2019importants investissements. Cela s\u2019est traduit, au plan de la production \u00e9lectrique, par le triplement de la puissance install\u00e9e qui a atteint&nbsp;<strong>1.689<\/strong>&nbsp;m\u00e9gawatts en une d\u00e9cennie.&nbsp;<\/p>\n\n\n\n<p>Actuellement, le gouvernement travaille sur une strat\u00e9gie pour mieux prendre en charge la demande qui progresse, en moyenne, de 8 % par an mais \u00e9galement pour permettre \u00e0 tous les S\u00e9n\u00e9galais o\u00f9 qu\u2019ils se trouvent d\u2019acc\u00e9der \u00e0 l\u2019\u00e9lectricit\u00e9.&nbsp;<em>\u00ab&nbsp;Nous avons tir\u00e9 exp\u00e9rience des \u00e9meutes de l\u2019\u00e9lectricit\u00e9 de 2011 pour d\u00e9rouler une politique volontariste de fourniture et d\u2019acc\u00e8s \u00e0 l\u2019\u00e9nergie&nbsp;\u00bb<\/em>, indique M. Niane, directeur de l\u2019\u00e9lectricit\u00e9, avant de poursuivre sur une note optimiste et constater que les&nbsp;&nbsp; efforts consentis commencent \u00e0 payer. Aujourd\u2019hui le S\u00e9n\u00e9gal peut s\u2019enorgueillir d\u2019occuper la quatri\u00e8me place sur 15 pays dans l\u2019espace CEDEAO. Il vient apr\u00e8s le Cap Vert, le Ghana, la C\u00f4te d\u2019Ivoire et devant le Nig\u00e9ria, pays producteur de p\u00e9trole qui&nbsp;&nbsp; dispose d\u2019\u00e9normes ressources hydrauliques et par ailleurs premi\u00e8re puissance \u00e9conomique du continent. Le directeur de l\u2019\u00e9lectricit\u00e9 pense que si les chiffres sont actualis\u00e9s, le S\u00e9n\u00e9gal pourrait m\u00eame d\u00e9passer la C\u00f4te d\u2019Ivoire.&nbsp;<\/p>\n\n\n\n<p>Toutefois malgr\u00e9 une fourniture correcte, le co\u00fbt de l\u2019\u00e9lectricit\u00e9 est encore cher au S\u00e9n\u00e9gal et les industriels se plaignent. M. Khalil HAWALILI Jr, directeur g\u00e9n\u00e9ral adjoint de SIMPA ne dit pas le contraire&nbsp;:\u00ab&nbsp;L\u2019\u00e9lectricit\u00e9 est ch\u00e8re au S\u00e9n\u00e9gal par rapport \u00e0 des pays comme la C\u00f4te d\u2019Ivoire qui sont nos concurrents&nbsp;\u00bb. M. Niane l\u2019admet mais justifie ce co\u00fbt par le mode de production de l\u2019\u00e9lectricit\u00e9 au S\u00e9n\u00e9gal qui d\u00e9pend en grande partie des produits p\u00e9troliers que le pays importe et sur lesquels il n\u2019a aucune ma\u00eetrise. Avec le conflit russo-ukrainien, les co\u00fbts du p\u00e9trole et du gaz ont exponentiellement augment\u00e9, selon M. Niane&nbsp; en rappelant les efforts consentis par l\u2019Etat pour maintenir les tarifs \u00e0 des niveaux raisonnables et soutenables par les m\u00e9nages et les entreprises.<\/p>\n\n\n\n<p>Le directeur de l\u2019\u00e9lectricit\u00e9 explique que le S\u00e9n\u00e9gal d\u00e9pense plus de 4 % de son Produit int\u00e9rieur brut dans les subventions d\u2019\u00e9lectricit\u00e9, des produits p\u00e9troliers (essence, supercarburant et gasoil) et du gaz butane. La subvention de l\u2019\u00e9lectricit\u00e9 prend la forme d\u2019une compensation tarifaire \u00e0 verser \u00e0 la Soci\u00e9t\u00e9 Nationale d\u2019Electricit\u00e9 (SENELEC). Dans les conditions \u00e9conomiques actuelles, cette subvention devrait co\u00fbter 279,8 milliards de FCFA au budget de l\u2019\u00c9tat en 2023. La subvention des produits p\u00e9troliers et du gaz prend la forme d\u2019un remboursement des pertes commerciales support\u00e9es par les compagnies, oblig\u00e9es de vendre \u00e0 des prix inf\u00e9rieurs au prix du march\u00e9. Cette subvention est chiffr\u00e9e \u00e0 524,7 milliards de FCFA en 2023, si aucune mesure n\u2019est prise pour la contenir. Au total, les subventions \u00e9nerg\u00e9tiques franchiront la barre des 800 milliards de FCFA en 2023, apr\u00e8s avoir co\u00fbt\u00e9 750 milliards de FCFA en 2022. Ces subventions, note M. Niane, limitent les marges de man\u0153uvre budg\u00e9taires de l\u2019Etat. Par ailleurs, il soutient que leur \u00e9limination ou leur r\u00e9duction drastique permettait d\u2019orienter les ressources d\u00e9gag\u00e9es notamment pour acc\u00e9l\u00e9rer la politique d\u2019acc\u00e8s \u00e0 l\u2019\u00e9lectricit\u00e9 ou vers des d\u00e9penses sociales (sant\u00e9, \u00e9ducation) et les infrastructures prioritaires.<\/p>\n\n\n\n<p>Cependant, le directeur de l\u2019\u00e9lectricit\u00e9 veut \u00eatre optimiste. Il souligne que le S\u00e9n\u00e9gal va bient\u00f4t int\u00e9grer le cercle restreint de pays producteurs de p\u00e9trole et de gaz. Par cons\u00e9quent, il dit s\u2019attendre \u00e0 une baisse du co\u00fbt de l\u2019\u00e9lectricit\u00e9 gr\u00e2ce notamment \u00e0 la strat\u00e9gie\u00a0<em>Gas two power<\/em>\u00a0pr\u00f4n\u00e9e par les autorit\u00e9s. Il s\u2019agit, \u00e0 travers cette strat\u00e9gie, de convertir les centrales thermiques de la SENELEC pour leur permettre de pouvoir fonctionner au gaz. Le gouvernement incite \u00e9galement les producteurs ind\u00e9pendants \u00e0 faire de m\u00eame.<br>Enfin, le S\u00e9n\u00e9gal a adopt\u00e9 un Code de l\u2019\u00e9lectricit\u00e9 en juillet 2021 et renforc\u00e9 le r\u00e9gulateur devenu Commission de r\u00e9gulation du secteur de l\u2019\u00e9nergie en lieu et place de la commission de r\u00e9gulation du secteur de l\u2019\u00e9lectricit\u00e9, toujours dans le souci d\u2019assurer une fourniture de qualit\u00e9 \u00e0 un co\u00fbt abordable pour le consommateur.<br>Source &#8211; <strong>Lejecos Magazine<\/strong><\/p>\n","protected":false},"excerpt":{"rendered":"<p>Depuis plus d\u2019une d\u00e9cennie, le S\u00e9n\u00e9gal a consid\u00e9rablement am\u00e9lior\u00e9 sa couverture \u00e9nerg\u00e9tique gr\u00e2ce \u00e0 une politique volontariste adoss\u00e9e \u00e0 une<\/p>\n","protected":false},"author":1,"featured_media":13993,"comment_status":"open","ping_status":"open","sticky":false,"template":"","format":"standard","meta":{"footnotes":""},"categories":[3],"tags":[],"class_list":["post-13992","post","type-post","status-publish","format-standard","has-post-thumbnail","hentry","category-event-more-news"],"_links":{"self":[{"href":"https:\/\/dekkbi.com\/index.php?rest_route=\/wp\/v2\/posts\/13992","targetHints":{"allow":["GET"]}}],"collection":[{"href":"https:\/\/dekkbi.com\/index.php?rest_route=\/wp\/v2\/posts"}],"about":[{"href":"https:\/\/dekkbi.com\/index.php?rest_route=\/wp\/v2\/types\/post"}],"author":[{"embeddable":true,"href":"https:\/\/dekkbi.com\/index.php?rest_route=\/wp\/v2\/users\/1"}],"replies":[{"embeddable":true,"href":"https:\/\/dekkbi.com\/index.php?rest_route=%2Fwp%2Fv2%2Fcomments&post=13992"}],"version-history":[{"count":1,"href":"https:\/\/dekkbi.com\/index.php?rest_route=\/wp\/v2\/posts\/13992\/revisions"}],"predecessor-version":[{"id":13994,"href":"https:\/\/dekkbi.com\/index.php?rest_route=\/wp\/v2\/posts\/13992\/revisions\/13994"}],"wp:featuredmedia":[{"embeddable":true,"href":"https:\/\/dekkbi.com\/index.php?rest_route=\/wp\/v2\/media\/13993"}],"wp:attachment":[{"href":"https:\/\/dekkbi.com\/index.php?rest_route=%2Fwp%2Fv2%2Fmedia&parent=13992"}],"wp:term":[{"taxonomy":"category","embeddable":true,"href":"https:\/\/dekkbi.com\/index.php?rest_route=%2Fwp%2Fv2%2Fcategories&post=13992"},{"taxonomy":"post_tag","embeddable":true,"href":"https:\/\/dekkbi.com\/index.php?rest_route=%2Fwp%2Fv2%2Ftags&post=13992"}],"curies":[{"name":"wp","href":"https:\/\/api.w.org\/{rel}","templated":true}]}}